{"id":9532,"date":"2020-04-14T18:26:15","date_gmt":"2020-04-14T16:26:15","guid":{"rendered":"http:\/\/agora.xtec.cat\/ceipramonestadella\/?p=9532"},"modified":"2020-04-14T18:27:50","modified_gmt":"2020-04-14T16:27:50","slug":"activitats-de-confinament-p3-del-6-al-12-dabril","status":"publish","type":"post","link":"https:\/\/agora.xtec.cat\/ceipramonestadella\/general\/activitats-de-confinament-p3-del-6-al-12-dabril\/","title":{"rendered":"Activitats de Confinament P3 &#8211; del 6 al 12 d&#8217;abril"},"content":{"rendered":"<p>Hola fam\u00edlies!<\/p>\n<p>Aquesta setmana, la tasca anava molt lligada amb la <strong>Setmana Santa<\/strong>. L\u2019activitat que us v\u00e0rem proposar era molt divertida i dol\u00e7a! A les fotografies i v\u00eddeos hem pogut veure que heu gaudit molt de les receptes de pasqua, ja sigui fent la mona, panadons, decorant ous de pasqua\u2026<\/p>\n<h3 style=\"text-align: center;\"><a href=\"https:\/\/photos.app.goo.gl\/3P838KG1DYBGWVWVA\">Cliqueu aqu\u00ed per veure les receptes<\/a><\/h3>\n<p>Recordeu, tamb\u00e9, que ens podeu fer el retorn de l\u2019activitat de la manera que vulgueu, ja sigui amb fotografies, v\u00eddeos o amb alguna plataforma online. Aqu\u00ed en teniu un exemple del resultat tant bonic que ha quedat <a href=\"https:\/\/view.genial.ly\/5e942b6d9aea110d8cf02519\/presentation-panadons-ona-camats\">https:\/\/view.genial.ly\/5e942b6d9aea110d8cf02519\/presentation-panadons-ona-camats<\/a>.<\/p>\n<h3 style=\"text-align: center;\"><span style=\"color: #000000;\">Us animem a continuar enviant-nos el resultat de les tasques.<\/span><\/h3>\n<p>Per cert, les mestres d\u2019educaci\u00f3 infantil tamb\u00e9 hem fet les nostres receptes de pasqua. Voleu veure el resultat?<\/p>\n<h3 style=\"text-align: center;\"><a href=\"https:\/\/photos.app.goo.gl\/57152TXo3ShetteTA\">Cliqueu aqu\u00ed per veure les receptes de l\u2019equip de mestres d\u2019infantil<\/a><\/h3>\n","protected":false},"excerpt":{"rendered":"<p>Hola fam\u00edlies!<br \/>\nAquesta setmana, la tasca anava molt lligada amb la Setmana Santa. L\u2019activitat que us v\u00e0rem proposar era molt divertida i dol\u00e7a! A les fotografies i v\u00eddeos hem pogut veure que heu gaudit molt de les receptes de pasqua, ja sigui fent la mona, panadons,&hellip;  <a href=\"https:\/\/agora.xtec.cat\/ceipramonestadella\/general\/activitats-de-confinament-p3-del-6-al-12-dabril\/\" title=\"Read Activitats de Confinament P3 &#8211; del 6 al 12 d&#8217;abril\">Llegeix m\u00e9s\u00bb<\/a><\/p>\n","protected":false},"author":9,"featured_media":0,"comment_status":"open","ping_status":"closed","sticky":false,"template":"","format":"standard","meta":{"_bbp_topic_count":0,"_bbp_reply_count":0,"_bbp_total_topic_count":0,"_bbp_total_reply_count":0,"_bbp_voice_count":0,"_bbp_anonymous_reply_count":0,"_bbp_topic_count_hidden":0,"_bbp_reply_count_hidden":0,"_bbp_forum_subforum_count":0,"footnotes":""},"categories":[401,1],"tags":[843,72,614,402],"class_list":["post-9532","post","type-post","status-publish","format-standard","hentry","category-educacio-infantil-2","category-general","tag-joemquedoacasa","tag-educacio-infantil","tag-mona-de-pasqua","tag-p3"],"post_mailing_queue_ids":[],"_links":{"self":[{"href":"https:\/\/agora.xtec.cat\/ceipramonestadella\/wp-json\/wp\/v2\/posts\/9532","targetHints":{"allow":["GET"]}}],"collection":[{"href":"https:\/\/agora.xtec.cat\/ceipramonestadella\/wp-json\/wp\/v2\/posts"}],"about":[{"href":"https:\/\/agora.xtec.cat\/ceipramonestadella\/wp-json\/wp\/v2\/types\/post"}],"author":[{"embeddable":true,"href":"https:\/\/agora.xtec.cat\/ceipramonestadella\/wp-json\/wp\/v2\/users\/9"}],"replies":[{"embeddable":true,"href":"https:\/\/agora.xtec.cat\/ceipramonestadella\/wp-json\/wp\/v2\/comments?post=9532"}],"version-history":[{"count":2,"href":"https:\/\/agora.xtec.cat\/ceipramonestadella\/wp-json\/wp\/v2\/posts\/9532\/revisions"}],"predecessor-version":[{"id":9536,"href":"https:\/\/agora.xtec.cat\/ceipramonestadella\/wp-json\/wp\/v2\/posts\/9532\/revisions\/9536"}],"wp:attachment":[{"href":"https:\/\/agora.xtec.cat\/ceipramonestadella\/wp-json\/wp\/v2\/media?parent=9532"}],"wp:term":[{"taxonomy":"category","embeddable":true,"href":"https:\/\/agora.xtec.cat\/ceipramonestadella\/wp-json\/wp\/v2\/categories?post=9532"},{"taxonomy":"post_tag","embeddable":true,"href":"https:\/\/agora.xtec.cat\/ceipramonestadella\/wp-json\/wp\/v2\/tags?post=9532"}],"curies":[{"name":"wp","href":"https:\/\/api.w.org\/{rel}","templated":true}]}}