{"id":9471,"date":"2020-04-14T12:27:38","date_gmt":"2020-04-14T10:27:38","guid":{"rendered":"http:\/\/agora.xtec.cat\/ceipramonestadella\/?p=9471"},"modified":"2020-04-14T12:37:46","modified_gmt":"2020-04-14T10:37:46","slug":"activitats-de-confinament-p4-del-6-al-12-dabril","status":"publish","type":"post","link":"https:\/\/agora.xtec.cat\/ceipramonestadella\/general\/educacio-infantil\/activitats-de-confinament-p4-del-6-al-12-dabril\/","title":{"rendered":"ACTIVITATS DE CONFINAMENT P4 &#8211; DEL 6 AL 12 D&#8217;ABRIL"},"content":{"rendered":"<p>Despr\u00e9s d&#8217;una <strong>SETMANA SANTA<\/strong> ben especial i diferent he fet el recull de totes les activitats que heu estat fent aquests dies&#8230; receptes, decoraci\u00f3 d&#8217;ous, manualitats&#8230; La veritat que tenen molt bona pinta aix\u00ed que segur que tamb\u00e9 eren bon\u00edssimes!!! Com que tamb\u00e9 hi ha moltes de les receptes amb els ingredients segur que les podrem intentar tothom de fer a casa!<\/p>\n<p><a href=\"https:\/\/photos.app.goo.gl\/YdLuo8SYWCh8JsH17\">Aqu\u00ed us deixo l\u2019enlla\u00e7 de les imatges i v\u00eddeos.<\/a> Tamb\u00e9 us animo a visualitzar les publicacions de les setmanes anteriors ja que pot ser que hi hagi fotos noves!<\/p>\n<p>Tamb\u00e9 us hem penjat les receptes de les mestres perqu\u00e8 pugueu practicar amb m\u00e9s idees! <a href=\"https:\/\/photos.app.goo.gl\/57152TXo3ShetteTA\">Cliqueu aqu\u00ed<\/a><\/p>\n<p>\u00c0nims que segur que ben aviat ja ens podrem tornar a veure!!!<\/p>\n<h1>Us trobo molt a faltar!<\/h1>\n<p>Una fort\u00edssima abra\u00e7ada!!<\/p>\n<p>#joemquedoacasa<\/p>\n<p><a href=\"https:\/\/agora.xtec.cat\/ceipramonestadella\/wp-content\/uploads\/usu385\/2020\/04\/IMG_20200412_195030_816.jpg\"><img loading=\"lazy\" decoding=\"async\" class=\"aligncenter size-large wp-image-9473\" src=\"https:\/\/agora.xtec.cat\/ceipramonestadella\/wp-content\/uploads\/usu385\/2020\/04\/IMG_20200412_195030_816-1024x1024.jpg\" alt=\"\" width=\"1024\" height=\"1024\" srcset=\"https:\/\/agora.xtec.cat\/ceipramonestadella\/wp-content\/uploads\/usu385\/2020\/04\/IMG_20200412_195030_816-1024x1024.jpg 1024w, https:\/\/agora.xtec.cat\/ceipramonestadella\/wp-content\/uploads\/usu385\/2020\/04\/IMG_20200412_195030_816-150x150.jpg 150w, https:\/\/agora.xtec.cat\/ceipramonestadella\/wp-content\/uploads\/usu385\/2020\/04\/IMG_20200412_195030_816-300x300.jpg 300w, https:\/\/agora.xtec.cat\/ceipramonestadella\/wp-content\/uploads\/usu385\/2020\/04\/IMG_20200412_195030_816-768x768.jpg 768w, https:\/\/agora.xtec.cat\/ceipramonestadella\/wp-content\/uploads\/usu385\/2020\/04\/IMG_20200412_195030_816.jpg 1080w\" sizes=\"auto, (max-width: 1024px) 100vw, 1024px\" \/><\/a><\/p>\n<p>&nbsp;<\/p>\n","protected":false},"excerpt":{"rendered":"<p>Despr\u00e9s d&#8217;una SETMANA SANTA ben especial i diferent he fet el recull de totes les activitats que heu estat fent aquests dies&#8230; receptes, decoraci\u00f3 d&#8217;ous, manualitats&#8230; La veritat que tenen molt bona pinta aix\u00ed que segur que tamb\u00e9 eren bon\u00edssimes!!! Com que tamb\u00e9 hi ha&hellip;  <a href=\"https:\/\/agora.xtec.cat\/ceipramonestadella\/general\/educacio-infantil\/activitats-de-confinament-p4-del-6-al-12-dabril\/\" title=\"Read ACTIVITATS DE CONFINAMENT P4 &#8211; DEL 6 AL 12 D&#8217;ABRIL\">Llegeix m\u00e9s\u00bb<\/a><\/p>\n","protected":false},"author":9,"featured_media":1793,"comment_status":"open","ping_status":"closed","sticky":false,"template":"","format":"standard","meta":{"_bbp_topic_count":0,"_bbp_reply_count":0,"_bbp_total_topic_count":0,"_bbp_total_reply_count":0,"_bbp_voice_count":0,"_bbp_anonymous_reply_count":0,"_bbp_topic_count_hidden":0,"_bbp_reply_count_hidden":0,"_bbp_forum_subforum_count":0,"footnotes":""},"categories":[897,246,401,348,290,613,251],"tags":[843,72,391,411],"class_list":["post-9471","post","type-post","status-publish","format-standard","has-post-thumbnail","hentry","category-joemquedo-a-casa","category-educacio-infantil","category-educacio-infantil-2","category-ei","category-mona","category-mona-de-pasqua","category-p4","tag-joemquedoacasa","tag-educacio-infantil","tag-general","tag-p4"],"post_mailing_queue_ids":[],"_links":{"self":[{"href":"https:\/\/agora.xtec.cat\/ceipramonestadella\/wp-json\/wp\/v2\/posts\/9471","targetHints":{"allow":["GET"]}}],"collection":[{"href":"https:\/\/agora.xtec.cat\/ceipramonestadella\/wp-json\/wp\/v2\/posts"}],"about":[{"href":"https:\/\/agora.xtec.cat\/ceipramonestadella\/wp-json\/wp\/v2\/types\/post"}],"author":[{"embeddable":true,"href":"https:\/\/agora.xtec.cat\/ceipramonestadella\/wp-json\/wp\/v2\/users\/9"}],"replies":[{"embeddable":true,"href":"https:\/\/agora.xtec.cat\/ceipramonestadella\/wp-json\/wp\/v2\/comments?post=9471"}],"version-history":[{"count":3,"href":"https:\/\/agora.xtec.cat\/ceipramonestadella\/wp-json\/wp\/v2\/posts\/9471\/revisions"}],"predecessor-version":[{"id":9478,"href":"https:\/\/agora.xtec.cat\/ceipramonestadella\/wp-json\/wp\/v2\/posts\/9471\/revisions\/9478"}],"wp:featuredmedia":[{"embeddable":true,"href":"https:\/\/agora.xtec.cat\/ceipramonestadella\/wp-json\/wp\/v2\/media\/1793"}],"wp:attachment":[{"href":"https:\/\/agora.xtec.cat\/ceipramonestadella\/wp-json\/wp\/v2\/media?parent=9471"}],"wp:term":[{"taxonomy":"category","embeddable":true,"href":"https:\/\/agora.xtec.cat\/ceipramonestadella\/wp-json\/wp\/v2\/categories?post=9471"},{"taxonomy":"post_tag","embeddable":true,"href":"https:\/\/agora.xtec.cat\/ceipramonestadella\/wp-json\/wp\/v2\/tags?post=9471"}],"curies":[{"name":"wp","href":"https:\/\/api.w.org\/{rel}","templated":true}]}}