{"id":9391,"date":"2020-04-06T14:56:33","date_gmt":"2020-04-06T12:56:33","guid":{"rendered":"http:\/\/agora.xtec.cat\/ceipramonestadella\/?p=9391"},"modified":"2020-04-06T14:59:26","modified_gmt":"2020-04-06T12:59:26","slug":"activitats-de-confinament-p4-del-30-de-marc-al-5-dabril","status":"publish","type":"post","link":"https:\/\/agora.xtec.cat\/ceipramonestadella\/general\/activitats-de-confinament-p4-del-30-de-marc-al-5-dabril\/","title":{"rendered":"ACTIVITATS DE CONFINAMENT P4 &#8211; DEL 30 DE MAR\u00c7 AL 5 D&#8217;ABRIL"},"content":{"rendered":"<h3>Hola fam\u00edlies! Tot i que ens costi acabar-ho de creure&#8230; HA ARRIBAT <strong><span style=\"color: #ff0000;\">L<\/span><span style=\"color: #0000ff;\">A<\/span> <span style=\"color: #800080;\">P<\/span><span style=\"color: #ffff00;\">R<\/span><span style=\"color: #ff0000;\">I<\/span><span style=\"color: #00ff00;\">M<\/span><span style=\"color: #ff6600;\">A<\/span>V<span style=\"color: #ff99cc;\">E<\/span><span style=\"color: #333399;\">R<\/span><span style=\"color: #99cc00;\">A<\/span><\/strong>!!<\/h3>\n<p>I per aix\u00f2 aquesta setmana us propos\u00e0vem fer alguna cosa relacionada amb aquesta estaci\u00f3. Heu tingut unes idees molt xules per alegrar les vostres cases i per aix\u00f2 us deixo aqu\u00ed a sota l&#8217;enlla\u00e7 perqu\u00e8 pugueu veure les de la resta de la classe i pugueu ficar-hi comentaris.<\/p>\n<p><a href=\"https:\/\/photos.app.goo.gl\/nsQ9Neum9BecPH2g7\">Podeu clicar aqu\u00ed per veure les imatges<\/a><\/p>\n<p>\u00c0nims que segur que aviat podrem gaudir d&#8217;aquesta estaci\u00f3 amb viu i amb directe!<\/p>\n<p>Una forta abra\u00e7ada! Us trobo molt a faltar!!!!!!!!<\/p>\n<p>Judit<\/p>\n<p><a href=\"https:\/\/agora.xtec.cat\/ceipramonestadella\/wp-content\/uploads\/usu385\/2020\/04\/primavera-830x553.jpg\"><br \/>\n<img loading=\"lazy\" decoding=\"async\" class=\"aligncenter size-full wp-image-9394\" src=\"https:\/\/agora.xtec.cat\/ceipramonestadella\/wp-content\/uploads\/usu385\/2020\/04\/primavera-830x553.jpg\" alt=\"\" width=\"830\" height=\"553\" srcset=\"https:\/\/agora.xtec.cat\/ceipramonestadella\/wp-content\/uploads\/usu385\/2020\/04\/primavera-830x553.jpg 830w, https:\/\/agora.xtec.cat\/ceipramonestadella\/wp-content\/uploads\/usu385\/2020\/04\/primavera-830x553-300x200.jpg 300w, https:\/\/agora.xtec.cat\/ceipramonestadella\/wp-content\/uploads\/usu385\/2020\/04\/primavera-830x553-768x512.jpg 768w\" sizes=\"auto, (max-width: 830px) 100vw, 830px\" \/><\/a><\/p>\n","protected":false},"excerpt":{"rendered":"<p>Hola fam\u00edlies! Tot i que ens costi acabar-ho de creure&#8230; HA ARRIBAT LA PRIMAVERA!!<br \/>\nI per aix\u00f2 aquesta setmana us propos\u00e0vem fer alguna cosa relacionada amb aquesta estaci\u00f3. Heu tingut unes idees molt xules per alegrar les vostres cases i per aix\u00f2 us deixo aqu\u00ed a&hellip;  <a href=\"https:\/\/agora.xtec.cat\/ceipramonestadella\/general\/activitats-de-confinament-p4-del-30-de-marc-al-5-dabril\/\" title=\"Read ACTIVITATS DE CONFINAMENT P4 &#8211; DEL 30 DE MAR\u00c7 AL 5 D&#8217;ABRIL\">Llegeix m\u00e9s\u00bb<\/a><\/p>\n","protected":false},"author":9,"featured_media":0,"comment_status":"open","ping_status":"closed","sticky":false,"template":"","format":"standard","meta":{"_bbp_topic_count":0,"_bbp_reply_count":0,"_bbp_total_topic_count":0,"_bbp_total_reply_count":0,"_bbp_voice_count":0,"_bbp_anonymous_reply_count":0,"_bbp_topic_count_hidden":0,"_bbp_reply_count_hidden":0,"_bbp_forum_subforum_count":0,"footnotes":""},"categories":[246,401,1,251],"tags":[72,391,411],"class_list":["post-9391","post","type-post","status-publish","format-standard","hentry","category-educacio-infantil","category-educacio-infantil-2","category-general","category-p4","tag-educacio-infantil","tag-general","tag-p4"],"post_mailing_queue_ids":[],"_links":{"self":[{"href":"https:\/\/agora.xtec.cat\/ceipramonestadella\/wp-json\/wp\/v2\/posts\/9391","targetHints":{"allow":["GET"]}}],"collection":[{"href":"https:\/\/agora.xtec.cat\/ceipramonestadella\/wp-json\/wp\/v2\/posts"}],"about":[{"href":"https:\/\/agora.xtec.cat\/ceipramonestadella\/wp-json\/wp\/v2\/types\/post"}],"author":[{"embeddable":true,"href":"https:\/\/agora.xtec.cat\/ceipramonestadella\/wp-json\/wp\/v2\/users\/9"}],"replies":[{"embeddable":true,"href":"https:\/\/agora.xtec.cat\/ceipramonestadella\/wp-json\/wp\/v2\/comments?post=9391"}],"version-history":[{"count":3,"href":"https:\/\/agora.xtec.cat\/ceipramonestadella\/wp-json\/wp\/v2\/posts\/9391\/revisions"}],"predecessor-version":[{"id":9397,"href":"https:\/\/agora.xtec.cat\/ceipramonestadella\/wp-json\/wp\/v2\/posts\/9391\/revisions\/9397"}],"wp:attachment":[{"href":"https:\/\/agora.xtec.cat\/ceipramonestadella\/wp-json\/wp\/v2\/media?parent=9391"}],"wp:term":[{"taxonomy":"category","embeddable":true,"href":"https:\/\/agora.xtec.cat\/ceipramonestadella\/wp-json\/wp\/v2\/categories?post=9391"},{"taxonomy":"post_tag","embeddable":true,"href":"https:\/\/agora.xtec.cat\/ceipramonestadella\/wp-json\/wp\/v2\/tags?post=9391"}],"curies":[{"name":"wp","href":"https:\/\/api.w.org\/{rel}","templated":true}]}}