{"id":9299,"date":"2020-03-30T12:01:56","date_gmt":"2020-03-30T10:01:56","guid":{"rendered":"http:\/\/agora.xtec.cat\/ceipramonestadella\/?p=9299"},"modified":"2020-03-30T12:54:27","modified_gmt":"2020-03-30T10:54:27","slug":"activitats-de-confinament-ei-del-23-al-29-de-marc","status":"publish","type":"post","link":"https:\/\/agora.xtec.cat\/ceipramonestadella\/general\/activitats-de-confinament-ei-del-23-al-29-de-marc\/","title":{"rendered":"Activitats de Confinament INFANTIL (del 23 al 29 de mar\u00e7)"},"content":{"rendered":"<p>Hola fam\u00edlies!!<\/p>\n<p>Com esteu? Com van aquests dies tan diferents i estranys per tothom? Esperem que tots i totes estigueu b\u00e9!!<\/p>\n<p>A continuaci\u00f3 us deixem totes les fotos i v\u00eddeos que ens heu enviat de com realitzeu les tasques i les feines que us anem proposant i com esteu gaudint en fam\u00edlia.<\/p>\n<p style=\"text-align: center;\"><a href=\"https:\/\/photos.app.goo.gl\/svuNSq5ezekRiwyz9\">Mireu quines activitats m\u00e9s divertides han realitzat a casa!<\/a><\/p>\n<p>Animeu-vos a realitzar les activitats que us plantegem per poder seguir amb la \u201cinteracci\u00f3\u201d entre fam\u00edlies i escola.<\/p>\n<p>Us trobem molt a faltar!<\/p>\n<p>L\u2019equip de mestres d\u2019Educaci\u00f3 Infantil<\/p>\n","protected":false},"excerpt":{"rendered":"<p>Hola fam\u00edlies!!<br \/>\nCom esteu? Com van aquests dies tan diferents i estranys per tothom? Esperem que tots i totes estigueu b\u00e9!!<br \/>\nA continuaci\u00f3 us deixem totes les fotos i v\u00eddeos que ens heu enviat de com realitzeu les tasques i les feines que us anem proposant i&hellip;  <a href=\"https:\/\/agora.xtec.cat\/ceipramonestadella\/general\/activitats-de-confinament-ei-del-23-al-29-de-marc\/\" title=\"Read Activitats de Confinament INFANTIL (del 23 al 29 de mar\u00e7)\">Llegeix m\u00e9s\u00bb<\/a><\/p>\n","protected":false},"author":9,"featured_media":0,"comment_status":"open","ping_status":"closed","sticky":false,"template":"","format":"standard","meta":{"_bbp_topic_count":0,"_bbp_reply_count":0,"_bbp_total_topic_count":0,"_bbp_total_reply_count":0,"_bbp_voice_count":0,"_bbp_anonymous_reply_count":0,"_bbp_topic_count_hidden":0,"_bbp_reply_count_hidden":0,"_bbp_forum_subforum_count":0,"footnotes":""},"categories":[401,1],"tags":[843,72,402,411,584,468],"class_list":["post-9299","post","type-post","status-publish","format-standard","hentry","category-educacio-infantil-2","category-general","tag-joemquedoacasa","tag-educacio-infantil","tag-p3","tag-p4","tag-p5a","tag-p5b"],"post_mailing_queue_ids":[],"_links":{"self":[{"href":"https:\/\/agora.xtec.cat\/ceipramonestadella\/wp-json\/wp\/v2\/posts\/9299","targetHints":{"allow":["GET"]}}],"collection":[{"href":"https:\/\/agora.xtec.cat\/ceipramonestadella\/wp-json\/wp\/v2\/posts"}],"about":[{"href":"https:\/\/agora.xtec.cat\/ceipramonestadella\/wp-json\/wp\/v2\/types\/post"}],"author":[{"embeddable":true,"href":"https:\/\/agora.xtec.cat\/ceipramonestadella\/wp-json\/wp\/v2\/users\/9"}],"replies":[{"embeddable":true,"href":"https:\/\/agora.xtec.cat\/ceipramonestadella\/wp-json\/wp\/v2\/comments?post=9299"}],"version-history":[{"count":2,"href":"https:\/\/agora.xtec.cat\/ceipramonestadella\/wp-json\/wp\/v2\/posts\/9299\/revisions"}],"predecessor-version":[{"id":9301,"href":"https:\/\/agora.xtec.cat\/ceipramonestadella\/wp-json\/wp\/v2\/posts\/9299\/revisions\/9301"}],"wp:attachment":[{"href":"https:\/\/agora.xtec.cat\/ceipramonestadella\/wp-json\/wp\/v2\/media?parent=9299"}],"wp:term":[{"taxonomy":"category","embeddable":true,"href":"https:\/\/agora.xtec.cat\/ceipramonestadella\/wp-json\/wp\/v2\/categories?post=9299"},{"taxonomy":"post_tag","embeddable":true,"href":"https:\/\/agora.xtec.cat\/ceipramonestadella\/wp-json\/wp\/v2\/tags?post=9299"}],"curies":[{"name":"wp","href":"https:\/\/api.w.org\/{rel}","templated":true}]}}