{"id":9143,"date":"2020-03-19T19:26:13","date_gmt":"2020-03-19T18:26:13","guid":{"rendered":"http:\/\/agora.xtec.cat\/ceipramonestadella\/?p=9143"},"modified":"2020-03-19T19:27:31","modified_gmt":"2020-03-19T18:27:31","slug":"el-conseller-josep-bargallo-informa-de-la-preinscripcio","status":"publish","type":"post","link":"https:\/\/agora.xtec.cat\/ceipramonestadella\/general\/el-conseller-josep-bargallo-informa-de-la-preinscripcio\/","title":{"rendered":"El conseller Josep Bargall\u00f3 informa de la preinscripci\u00f3"},"content":{"rendered":"<p>&nbsp;<\/p>\n<p>Benvolguts\/es<\/p>\n<div><\/div>\n<div>Avui el conseller d&#8217;Educaci\u00f3 Josep Bargall\u00f3 ha anunciat que degut al COVID-19, s&#8217;ajorna el per\u00edode de preinscripci\u00f3 pel curs 2020-2021 per al segon cicle d&#8217;educaci\u00f3 Infantil i tamb\u00e9 per l&#8217;educaci\u00f3 prim\u00e0ria i l&#8217;ESO.<\/div>\n<div>S&#8217;ajorna fins que les circumst\u00e0ncies en permetin garantir que totes les fam\u00edlies pugueu exercir el dret per demanar pla\u00e7a per als vostres fills i filles.<\/div>\n<div>No patiu, ning\u00fa es quedar\u00e0 sense poder demanar pla\u00e7a.<\/div>\n<div><\/div>\n<div><\/div>\n<p>&nbsp;<\/p>\n<p><a href=\"https:\/\/youtu.be\/fV2NA0idZSw\">https:\/\/youtu.be\/fV2NA0idZSw<\/a><\/p>\n<p>&nbsp;<\/p>\n<p>&nbsp;<\/p>\n","protected":false},"excerpt":{"rendered":"<p>&nbsp;<br \/>\nBenvolguts\/es<\/p>\n<p>Avui el conseller d&#8217;Educaci\u00f3 Josep Bargall\u00f3 ha anunciat que degut al COVID-19, s&#8217;ajorna el per\u00edode de preinscripci\u00f3 pel curs 2020-2021 per al segon cicle d&#8217;educaci\u00f3 Infantil i tamb\u00e9 per l&#8217;educaci\u00f3 prim\u00e0ria i l&#8217;ESO.<br \/>\nS&#8217;ajorna fins que les circumst\u00e0ncies en permetin garantir que totes les fam\u00edlies pugueu&hellip;  <a href=\"https:\/\/agora.xtec.cat\/ceipramonestadella\/general\/el-conseller-josep-bargallo-informa-de-la-preinscripcio\/\" title=\"Read El conseller Josep Bargall\u00f3 informa de la preinscripci\u00f3\">Llegeix m\u00e9s\u00bb<\/a><\/p>\n","protected":false},"author":3,"featured_media":0,"comment_status":"open","ping_status":"closed","sticky":false,"template":"","format":"standard","meta":{"_bbp_topic_count":0,"_bbp_reply_count":0,"_bbp_total_topic_count":0,"_bbp_total_reply_count":0,"_bbp_voice_count":0,"_bbp_anonymous_reply_count":0,"_bbp_topic_count_hidden":0,"_bbp_reply_count_hidden":0,"_bbp_forum_subforum_count":0,"footnotes":""},"categories":[1],"tags":[],"class_list":["post-9143","post","type-post","status-publish","format-standard","hentry","category-general"],"post_mailing_queue_ids":[],"_links":{"self":[{"href":"https:\/\/agora.xtec.cat\/ceipramonestadella\/wp-json\/wp\/v2\/posts\/9143","targetHints":{"allow":["GET"]}}],"collection":[{"href":"https:\/\/agora.xtec.cat\/ceipramonestadella\/wp-json\/wp\/v2\/posts"}],"about":[{"href":"https:\/\/agora.xtec.cat\/ceipramonestadella\/wp-json\/wp\/v2\/types\/post"}],"author":[{"embeddable":true,"href":"https:\/\/agora.xtec.cat\/ceipramonestadella\/wp-json\/wp\/v2\/users\/3"}],"replies":[{"embeddable":true,"href":"https:\/\/agora.xtec.cat\/ceipramonestadella\/wp-json\/wp\/v2\/comments?post=9143"}],"version-history":[{"count":2,"href":"https:\/\/agora.xtec.cat\/ceipramonestadella\/wp-json\/wp\/v2\/posts\/9143\/revisions"}],"predecessor-version":[{"id":9145,"href":"https:\/\/agora.xtec.cat\/ceipramonestadella\/wp-json\/wp\/v2\/posts\/9143\/revisions\/9145"}],"wp:attachment":[{"href":"https:\/\/agora.xtec.cat\/ceipramonestadella\/wp-json\/wp\/v2\/media?parent=9143"}],"wp:term":[{"taxonomy":"category","embeddable":true,"href":"https:\/\/agora.xtec.cat\/ceipramonestadella\/wp-json\/wp\/v2\/categories?post=9143"},{"taxonomy":"post_tag","embeddable":true,"href":"https:\/\/agora.xtec.cat\/ceipramonestadella\/wp-json\/wp\/v2\/tags?post=9143"}],"curies":[{"name":"wp","href":"https:\/\/api.w.org\/{rel}","templated":true}]}}