{"id":9063,"date":"2020-03-03T16:51:53","date_gmt":"2020-03-03T15:51:53","guid":{"rendered":"http:\/\/agora.xtec.cat\/ceipramonestadella\/?p=9063"},"modified":"2020-03-06T15:14:07","modified_gmt":"2020-03-06T14:14:07","slug":"dia-mundial-de-la-naturalesa","status":"publish","type":"post","link":"https:\/\/agora.xtec.cat\/ceipramonestadella\/general\/dia-mundial-de-la-naturalesa\/","title":{"rendered":"DIA MUNDIAL DE LA NATURALESA"},"content":{"rendered":"<p><img loading=\"lazy\" decoding=\"async\" class=\"\" src=\"https:\/\/lh3.googleusercontent.com\/x_g_f4BisxkFjyJaSCrj6Ih52THHcJMk7nUIsGSsgVoNj7tdTVjCMiiNtDDoUXHdtmL6CC0BIWF2k4B2jvHw6QdoW2BZoqZduY_91Xud3A5jVnIWEqnjEG1ePSFk6bJm2GPfNGwe4Dd2qJT114JYuG4yAeTUWKKLIAbH6KZtr-TITw5sfhTS0jgQxEFhAFM27h69MiUN7752rJjt0egv6zyTSGWYLVzIlsnwCTN32ln93WnL88L-oOLB04n3oks0E0Uvhq2O4PG0Ki7H76ppl7VweL5gvqGhuo6nJn_ScYpridpQKs9KZb2dburx7DPTwzWvX9MbUhgwoTsh_qFW8wQd5tWA-8_-IYGiHXda8bT8ipERUaxXhB1HKK-ncsGWR3ancvvw9X-kaSdSpsEBxYlLovuOuk2JBK7vkauGyN6Ag12ptSGLsXjDMprKjdlMEY-66hMpwe0fHvoSbelQG2TlULHLppq-evWnf4uVmp5f5S1P5L84TJRE_psWxIAf7f2mQL471Uqb1OGZOj5DesNe9ra-LL9Rktpz5elwsePuaxWZe2JKaJHByroraNo2jQBZb3YJZC3FQQ6ePpmCuXHLFIoIL4WtE1OtlRaUUVE-l6jK4yipqowNV2B5MTpDAdPjiLe5QhZ1-raJPEROYObW4a68GTpHr7cMKDOS45YiIgJMr4BCunsDyjKT_xprDyDJoGtwx97PCy1FqnPbOssxHPwMZNPDToU9ynejyzIxioKx=w1403-h1052-no\" width=\"407\" height=\"305\" \/><\/p>\n<p>&nbsp;<\/p>\n<p>Ahir, els alumnes de 4rt.,vam reunir-nos amb els alumnes del Faus i del Fedac per<span style=\"font-family: inherit; font-size: 1em;\"> participar en uns tallers de jardineria. Vam con\u00e8ixer 5 plantes arom\u00e0tiques (el tim\u00f3, el roman\u00ed, la camamilla groga i la lavanda)\u00a0 i quin \u00fas se&#8217;n pot fer en cada una d&#8217;elles. Tamb\u00e9 vam estar parlant de 3 tipus d&#8217;arbres ( el roure, l&#8217;alzina i el freixe) i vam veure les principals difer\u00e8ncies entre ells.<\/span><\/p>\n<p>Avui 3 de mar\u00e7, dia mundial de la naturalesa, hem anat al jard\u00ed bot\u00e0nic de Guissona a plantar els arbres i les plantes arom\u00e0tiques que anteriorment hav\u00edem treballat. D&#8217;aquesta manera hem contribu\u00eft en una millora ambiental, ajudant a combatre el canvi clim\u00e0tic i a respirar aire net.<\/p>\n<p>Podeu veure les fotos en el seg\u00fcent enlla\u00e7.<\/p>\n<p><a href=\"https:\/\/photos.app.goo.gl\/Nqx77LS44q9kqjD5A\">https:\/\/photos.app.goo.gl\/Nqx77LS44q9kqjD5A<\/a><\/p>\n<p>&nbsp;<\/p>\n<p>&nbsp;<\/p>\n<p>&nbsp;<\/p>\n","protected":false},"excerpt":{"rendered":"<p>&nbsp;<br \/>\nAhir, els alumnes de 4rt.,vam reunir-nos amb els alumnes del Faus i del Fedac per participar en uns tallers de jardineria. Vam con\u00e8ixer 5 plantes arom\u00e0tiques (el tim\u00f3, el roman\u00ed, la camamilla groga i la lavanda)\u00a0 i quin \u00fas se&#8217;n pot fer en cada una&hellip;  <a href=\"https:\/\/agora.xtec.cat\/ceipramonestadella\/general\/dia-mundial-de-la-naturalesa\/\" title=\"Read DIA MUNDIAL DE LA NATURALESA\">Llegeix m\u00e9s\u00bb<\/a><\/p>\n","protected":false},"author":6,"featured_media":0,"comment_status":"open","ping_status":"closed","sticky":false,"template":"","format":"standard","meta":{"_bbp_topic_count":0,"_bbp_reply_count":0,"_bbp_total_topic_count":0,"_bbp_total_reply_count":0,"_bbp_voice_count":0,"_bbp_anonymous_reply_count":0,"_bbp_topic_count_hidden":0,"_bbp_reply_count_hidden":0,"_bbp_forum_subforum_count":0,"footnotes":""},"categories":[244,417,1],"tags":[70],"class_list":["post-9063","post","type-post","status-publish","format-standard","hentry","category-cicle-mitja","category-cicle-mitja-2","category-general","tag-cicle-mitja"],"post_mailing_queue_ids":[],"_links":{"self":[{"href":"https:\/\/agora.xtec.cat\/ceipramonestadella\/wp-json\/wp\/v2\/posts\/9063","targetHints":{"allow":["GET"]}}],"collection":[{"href":"https:\/\/agora.xtec.cat\/ceipramonestadella\/wp-json\/wp\/v2\/posts"}],"about":[{"href":"https:\/\/agora.xtec.cat\/ceipramonestadella\/wp-json\/wp\/v2\/types\/post"}],"author":[{"embeddable":true,"href":"https:\/\/agora.xtec.cat\/ceipramonestadella\/wp-json\/wp\/v2\/users\/6"}],"replies":[{"embeddable":true,"href":"https:\/\/agora.xtec.cat\/ceipramonestadella\/wp-json\/wp\/v2\/comments?post=9063"}],"version-history":[{"count":3,"href":"https:\/\/agora.xtec.cat\/ceipramonestadella\/wp-json\/wp\/v2\/posts\/9063\/revisions"}],"predecessor-version":[{"id":9102,"href":"https:\/\/agora.xtec.cat\/ceipramonestadella\/wp-json\/wp\/v2\/posts\/9063\/revisions\/9102"}],"wp:attachment":[{"href":"https:\/\/agora.xtec.cat\/ceipramonestadella\/wp-json\/wp\/v2\/media?parent=9063"}],"wp:term":[{"taxonomy":"category","embeddable":true,"href":"https:\/\/agora.xtec.cat\/ceipramonestadella\/wp-json\/wp\/v2\/categories?post=9063"},{"taxonomy":"post_tag","embeddable":true,"href":"https:\/\/agora.xtec.cat\/ceipramonestadella\/wp-json\/wp\/v2\/tags?post=9063"}],"curies":[{"name":"wp","href":"https:\/\/api.w.org\/{rel}","templated":true}]}}