{"id":9021,"date":"2020-02-28T21:59:12","date_gmt":"2020-02-28T20:59:12","guid":{"rendered":"http:\/\/agora.xtec.cat\/ceipramonestadella\/?p=9021"},"modified":"2020-02-29T13:40:06","modified_gmt":"2020-02-29T12:40:06","slug":"la-recepta-a-p4-broqueta-de-fruita","status":"publish","type":"post","link":"https:\/\/agora.xtec.cat\/ceipramonestadella\/general\/la-recepta-a-p4-broqueta-de-fruita\/","title":{"rendered":"LA RECEPTA A P4: BROQUETA DE FRUITA"},"content":{"rendered":"<p>Sequim amb els cuiners i les cuineres, per\u00f2 ara de veritat, unes broquetes de fruita bon\u00edssimes! Per\u00f2 abans de tot aix\u00f2&#8230;:<\/p>\n<ul>\n<li>Ens hem preparat i hem investigat sobre qu\u00e8 era una recepta i com havia de ser.<\/li>\n<li>Hem preparat el barret i davantal de cuiners i cuineres.<\/li>\n<li>Hem anat a comprar la fruita al mercat.<\/li>\n<li>I hem fet la recepta seguint els passos.<\/li>\n<li>Per acabar ens les hem menjat!!!<\/li>\n<\/ul>\n<p>En aquest <a href=\"https:\/\/youtu.be\/5lY9HLMUolE\">v\u00eddeo<\/a> podeu veure tot el proc\u00e9s! Ha estat genial!<\/p>\n<p><a href=\"https:\/\/agora.xtec.cat\/ceipramonestadella\/wp-content\/uploads\/usu385\/2020\/02\/1-1.jpg\"><img loading=\"lazy\" decoding=\"async\" class=\"aligncenter size-large wp-image-9022\" src=\"https:\/\/agora.xtec.cat\/ceipramonestadella\/wp-content\/uploads\/usu385\/2020\/02\/1-1-1024x759.jpg\" alt=\"\" width=\"1024\" height=\"759\" srcset=\"https:\/\/agora.xtec.cat\/ceipramonestadella\/wp-content\/uploads\/usu385\/2020\/02\/1-1-1024x759.jpg 1024w, https:\/\/agora.xtec.cat\/ceipramonestadella\/wp-content\/uploads\/usu385\/2020\/02\/1-1-300x222.jpg 300w, https:\/\/agora.xtec.cat\/ceipramonestadella\/wp-content\/uploads\/usu385\/2020\/02\/1-1-768x569.jpg 768w\" sizes=\"auto, (max-width: 1024px) 100vw, 1024px\" \/><\/a><\/p>\n","protected":false},"excerpt":{"rendered":"<p>Sequim amb els cuiners i les cuineres, per\u00f2 ara de veritat, unes broquetes de fruita bon\u00edssimes! Per\u00f2 abans de tot aix\u00f2&#8230;:<\/p>\n<ul>\n<li>Ens hem preparat i hem investigat sobre qu\u00e8 era una recepta i com havia de ser.<\/li>\n<li>Hem preparat el barret i davantal de cuiners i cuineres.<\/li>\n<li>Hem&hellip;  <a href=\"https:\/\/agora.xtec.cat\/ceipramonestadella\/general\/la-recepta-a-p4-broqueta-de-fruita\/\" title=\"Read LA RECEPTA A P4: BROQUETA DE FRUITA\">Llegeix m\u00e9s\u00bb<\/a><br \/>\n","protected":false},"author":9,"featured_media":9024,"comment_status":"open","ping_status":"closed","sticky":false,"template":"","format":"standard","meta":{"_bbp_topic_count":0,"_bbp_reply_count":0,"_bbp_total_topic_count":0,"_bbp_total_reply_count":0,"_bbp_voice_count":0,"_bbp_anonymous_reply_count":0,"_bbp_topic_count_hidden":0,"_bbp_reply_count_hidden":0,"_bbp_forum_subforum_count":0,"footnotes":""},"categories":[401,348,1,249,251],"tags":[72,391,411],"class_list":["post-9021","post","type-post","status-publish","format-standard","has-post-thumbnail","hentry","category-educacio-infantil-2","category-ei","category-general","category-infantil","category-p4","tag-educacio-infantil","tag-general","tag-p4"],"post_mailing_queue_ids":[],"_links":{"self":[{"href":"https:\/\/agora.xtec.cat\/ceipramonestadella\/wp-json\/wp\/v2\/posts\/9021","targetHints":{"allow":["GET"]}}],"collection":[{"href":"https:\/\/agora.xtec.cat\/ceipramonestadella\/wp-json\/wp\/v2\/posts"}],"about":[{"href":"https:\/\/agora.xtec.cat\/ceipramonestadella\/wp-json\/wp\/v2\/types\/post"}],"author":[{"embeddable":true,"href":"https:\/\/agora.xtec.cat\/ceipramonestadella\/wp-json\/wp\/v2\/users\/9"}],"replies":[{"embeddable":true,"href":"https:\/\/agora.xtec.cat\/ceipramonestadella\/wp-json\/wp\/v2\/comments?post=9021"}],"version-history":[{"count":1,"href":"https:\/\/agora.xtec.cat\/ceipramonestadella\/wp-json\/wp\/v2\/posts\/9021\/revisions"}],"predecessor-version":[{"id":9023,"href":"https:\/\/agora.xtec.cat\/ceipramonestadella\/wp-json\/wp\/v2\/posts\/9021\/revisions\/9023"}],"wp:featuredmedia":[{"embeddable":true,"href":"https:\/\/agora.xtec.cat\/ceipramonestadella\/wp-json\/wp\/v2\/media\/9024"}],"wp:attachment":[{"href":"https:\/\/agora.xtec.cat\/ceipramonestadella\/wp-json\/wp\/v2\/media?parent=9021"}],"wp:term":[{"taxonomy":"category","embeddable":true,"href":"https:\/\/agora.xtec.cat\/ceipramonestadella\/wp-json\/wp\/v2\/categories?post=9021"},{"taxonomy":"post_tag","embeddable":true,"href":"https:\/\/agora.xtec.cat\/ceipramonestadella\/wp-json\/wp\/v2\/tags?post=9021"}],"curies":[{"name":"wp","href":"https:\/\/api.w.org\/{rel}","templated":true}]}}