{"id":8958,"date":"2020-02-20T10:32:33","date_gmt":"2020-02-20T09:32:33","guid":{"rendered":"http:\/\/agora.xtec.cat\/ceipramonestadella\/?p=8958"},"modified":"2020-02-20T10:32:44","modified_gmt":"2020-02-20T09:32:44","slug":"ii-cros-a-sant-guim-de-freixenet","status":"publish","type":"post","link":"https:\/\/agora.xtec.cat\/ceipramonestadella\/general\/ii-cros-a-sant-guim-de-freixenet\/","title":{"rendered":"II Cros a Sant Guim de Freixenet"},"content":{"rendered":"<p style=\"font-weight: 400;\">Benvolgudes fam\u00edlies,<\/p>\n<p style=\"font-weight: 400;\">Us presentem el II Cros de Sant Guim de Freixenet del proper dia\u00a0<strong><u>1 de Mar\u00e7, a partir de les 10:30h al camp de futbol vell<\/u><\/strong>. \u00c9s una iniciativa dels Cabirols de Sant Guim i amb la col\u00b7laboraci\u00f3 de l\u2019Ajuntament i el Consell Esportiu de la Segarra.<\/p>\n<p style=\"font-weight: 400;\">Hi haur\u00e0 curses des de llar d\u2019infants fins a veterans, i curses familiars.<\/p>\n<p style=\"font-weight: 400;\">Recordem que totes les trobades del Consell Esportiu de la Segarra es donar\u00e0 aigua i fruita a tots els participants, igual que medalles pels primers tres classificats en categories competitives masculines i femenines<\/p>\n<p style=\"font-weight: 400;\">RECORDEU que\u00a0<strong>\u00e9s\u00a0obligatori PER A TOTES LES CATEGORIES<\/strong>\u00a0posseir l&#8217;asseguran\u00e7a escolar \/ llic\u00e8ncia esportiva dels Consells esportius;\u00a0<strong>CAP ALTRA ASSEGURAN\u00c7A SER\u00c0 V\u00c0LIDA<\/strong>.<\/p>\n<p style=\"font-weight: 400;\"><strong><u>La data m\u00e0xima d&#8217;inscripci\u00f3 ser\u00e0 fins el proper divendres 28 de febrer a les 12:00h\u00a0<\/u><\/strong><\/p>\n<p><a href=\"https:\/\/agora.xtec.cat\/ceipramonestadella\/wp-content\/uploads\/usu385\/2020\/02\/cartell-cross-sant-Guim.png\"><img loading=\"lazy\" decoding=\"async\" class=\"alignnone size-full wp-image-8959\" src=\"https:\/\/agora.xtec.cat\/ceipramonestadella\/wp-content\/uploads\/usu385\/2020\/02\/cartell-cross-sant-Guim.png\" alt=\"\" width=\"594\" height=\"845\" srcset=\"https:\/\/agora.xtec.cat\/ceipramonestadella\/wp-content\/uploads\/usu385\/2020\/02\/cartell-cross-sant-Guim.png 594w, https:\/\/agora.xtec.cat\/ceipramonestadella\/wp-content\/uploads\/usu385\/2020\/02\/cartell-cross-sant-Guim-211x300.png 211w\" sizes=\"auto, (max-width: 594px) 100vw, 594px\" \/><\/a><\/p>\n","protected":false},"excerpt":{"rendered":"<p>Benvolgudes fam\u00edlies,<br \/>\nUs presentem el II Cros de Sant Guim de Freixenet del proper dia\u00a01 de Mar\u00e7, a partir de les 10:30h al camp de futbol vell. \u00c9s una iniciativa dels Cabirols de Sant Guim i amb la col\u00b7laboraci\u00f3 de l\u2019Ajuntament i el Consell Esportiu de&hellip;  <a href=\"https:\/\/agora.xtec.cat\/ceipramonestadella\/general\/ii-cros-a-sant-guim-de-freixenet\/\" title=\"Read II Cros a Sant Guim de Freixenet\">Llegeix m\u00e9s\u00bb<\/a><\/p>\n","protected":false},"author":8,"featured_media":0,"comment_status":"open","ping_status":"closed","sticky":false,"template":"","format":"standard","meta":{"_bbp_topic_count":0,"_bbp_reply_count":0,"_bbp_total_topic_count":0,"_bbp_total_reply_count":0,"_bbp_voice_count":0,"_bbp_anonymous_reply_count":0,"_bbp_topic_count_hidden":0,"_bbp_reply_count_hidden":0,"_bbp_forum_subforum_count":0,"footnotes":""},"categories":[1],"tags":[759,806,798,781,511,586,829,761],"class_list":["post-8958","post","type-post","status-publish","format-standard","hentry","category-general","tag-ces","tag-consell-esportiu-de-la-segarra","tag-cros","tag-e-f","tag-educacio-fisica","tag-esport","tag-sant-guim-de-freixenet","tag-valors"],"post_mailing_queue_ids":[],"_links":{"self":[{"href":"https:\/\/agora.xtec.cat\/ceipramonestadella\/wp-json\/wp\/v2\/posts\/8958","targetHints":{"allow":["GET"]}}],"collection":[{"href":"https:\/\/agora.xtec.cat\/ceipramonestadella\/wp-json\/wp\/v2\/posts"}],"about":[{"href":"https:\/\/agora.xtec.cat\/ceipramonestadella\/wp-json\/wp\/v2\/types\/post"}],"author":[{"embeddable":true,"href":"https:\/\/agora.xtec.cat\/ceipramonestadella\/wp-json\/wp\/v2\/users\/8"}],"replies":[{"embeddable":true,"href":"https:\/\/agora.xtec.cat\/ceipramonestadella\/wp-json\/wp\/v2\/comments?post=8958"}],"version-history":[{"count":1,"href":"https:\/\/agora.xtec.cat\/ceipramonestadella\/wp-json\/wp\/v2\/posts\/8958\/revisions"}],"predecessor-version":[{"id":8960,"href":"https:\/\/agora.xtec.cat\/ceipramonestadella\/wp-json\/wp\/v2\/posts\/8958\/revisions\/8960"}],"wp:attachment":[{"href":"https:\/\/agora.xtec.cat\/ceipramonestadella\/wp-json\/wp\/v2\/media?parent=8958"}],"wp:term":[{"taxonomy":"category","embeddable":true,"href":"https:\/\/agora.xtec.cat\/ceipramonestadella\/wp-json\/wp\/v2\/categories?post=8958"},{"taxonomy":"post_tag","embeddable":true,"href":"https:\/\/agora.xtec.cat\/ceipramonestadella\/wp-json\/wp\/v2\/tags?post=8958"}],"curies":[{"name":"wp","href":"https:\/\/api.w.org\/{rel}","templated":true}]}}