{"id":8954,"date":"2020-02-19T10:28:29","date_gmt":"2020-02-19T09:28:29","guid":{"rendered":"http:\/\/agora.xtec.cat\/ceipramonestadella\/?p=8954"},"modified":"2020-02-19T10:28:29","modified_gmt":"2020-02-19T09:28:29","slug":"tercera-ordre-del-rei-carnestoltes","status":"publish","type":"post","link":"https:\/\/agora.xtec.cat\/ceipramonestadella\/general\/tercera-ordre-del-rei-carnestoltes\/","title":{"rendered":"Tercera ordre del Rei Carnestoltes"},"content":{"rendered":"<p>Pel dimecres el Rei Carnestoltes ens va dir:<\/p>\n<p><strong><span style=\"color: #800080;\">UN MITJ\u00d3 DE CADA COLOR<\/span><\/strong><\/p>\n<p><strong><span style=\"color: #800080;\">I COM M\u00c9S ESTRIDENTS MILLOR<\/span><\/strong><\/p>\n<p><strong><span style=\"color: #800080;\">FORA DEL PANTAL\u00d3 ELS POSAR\u00c9<\/span><\/strong><\/p>\n<p><strong><span style=\"color: #800080;\">I AIX\u00cd M\u00c9S ELS LLUIR\u00c9!<\/span><\/strong><\/p>\n<p><a href=\"https:\/\/photos.app.goo.gl\/BaEm81QekNmSWc6K9\">Cliqueu aqu\u00ed<\/a> per veure els nostres mitjons!<\/p>\n","protected":false},"excerpt":{"rendered":"<p>Pel dimecres el Rei Carnestoltes ens va dir:<br \/>\nUN MITJ\u00d3 DE CADA COLOR<br \/>\nI COM M\u00c9S ESTRIDENTS MILLOR<br \/>\nFORA DEL PANTAL\u00d3 ELS POSAR\u00c9<br \/>\nI AIX\u00cd M\u00c9S ELS LLUIR\u00c9!<br \/>\n<a href=\"https:\/\/photos.app.goo.gl\/BaEm81QekNmSWc6K9\">Cliqueu aqu\u00ed<\/a> per veure els nostres mitjons!<\/p>\n","protected":false},"author":9,"featured_media":0,"comment_status":"open","ping_status":"closed","sticky":false,"template":"","format":"standard","meta":{"_bbp_topic_count":0,"_bbp_reply_count":0,"_bbp_total_topic_count":0,"_bbp_total_reply_count":0,"_bbp_voice_count":0,"_bbp_anonymous_reply_count":0,"_bbp_topic_count_hidden":0,"_bbp_reply_count_hidden":0,"_bbp_forum_subforum_count":0,"footnotes":""},"categories":[401,1],"tags":[72,391,402,411,424,524],"class_list":["post-8954","post","type-post","status-publish","format-standard","hentry","category-educacio-infantil-2","category-general","tag-educacio-infantil","tag-general","tag-p3","tag-p4","tag-p5-a","tag-p5-b"],"post_mailing_queue_ids":[],"_links":{"self":[{"href":"https:\/\/agora.xtec.cat\/ceipramonestadella\/wp-json\/wp\/v2\/posts\/8954","targetHints":{"allow":["GET"]}}],"collection":[{"href":"https:\/\/agora.xtec.cat\/ceipramonestadella\/wp-json\/wp\/v2\/posts"}],"about":[{"href":"https:\/\/agora.xtec.cat\/ceipramonestadella\/wp-json\/wp\/v2\/types\/post"}],"author":[{"embeddable":true,"href":"https:\/\/agora.xtec.cat\/ceipramonestadella\/wp-json\/wp\/v2\/users\/9"}],"replies":[{"embeddable":true,"href":"https:\/\/agora.xtec.cat\/ceipramonestadella\/wp-json\/wp\/v2\/comments?post=8954"}],"version-history":[{"count":1,"href":"https:\/\/agora.xtec.cat\/ceipramonestadella\/wp-json\/wp\/v2\/posts\/8954\/revisions"}],"predecessor-version":[{"id":8955,"href":"https:\/\/agora.xtec.cat\/ceipramonestadella\/wp-json\/wp\/v2\/posts\/8954\/revisions\/8955"}],"wp:attachment":[{"href":"https:\/\/agora.xtec.cat\/ceipramonestadella\/wp-json\/wp\/v2\/media?parent=8954"}],"wp:term":[{"taxonomy":"category","embeddable":true,"href":"https:\/\/agora.xtec.cat\/ceipramonestadella\/wp-json\/wp\/v2\/categories?post=8954"},{"taxonomy":"post_tag","embeddable":true,"href":"https:\/\/agora.xtec.cat\/ceipramonestadella\/wp-json\/wp\/v2\/tags?post=8954"}],"curies":[{"name":"wp","href":"https:\/\/api.w.org\/{rel}","templated":true}]}}