{"id":8933,"date":"2020-02-14T14:00:12","date_gmt":"2020-02-14T13:00:12","guid":{"rendered":"http:\/\/agora.xtec.cat\/ceipramonestadella\/?p=8933"},"modified":"2020-02-14T16:29:16","modified_gmt":"2020-02-14T15:29:16","slug":"han-vingut-els-ajudants-del-rei-carnestoltes","status":"publish","type":"post","link":"https:\/\/agora.xtec.cat\/ceipramonestadella\/general\/han-vingut-els-ajudants-del-rei-carnestoltes\/","title":{"rendered":"A P3, P4 I P5 HAN VINGUT ELS AJUDANTS DEL REI CARNESTOLTES"},"content":{"rendered":"<p>Els ajudants del Rei Carnestoltes ens han vingut a veure i ens han donat a cada classe un sobre amb les ordres que haurem de complir durant la setmana vinent.<\/p>\n<p>A ritme de vers ens han demanat que dilluns 17 haurem d&#8217;anar a l&#8217;escola vestits d&#8217;un sol color.<\/p>\n<p>Els infants han escoltat ben atents, hem cantat una can\u00e7\u00f3 i despr\u00e9s ens hem acomiadat.<\/p>\n<p>Benvingut Carnaval !!<\/p>\n<p><a href=\"https:\/\/photos.app.goo.gl\/R5fcZ6wEWz2HSQbH9\">FEU CLIC AQU\u00cd PER VEURE M\u00c9S FOTOS<\/a><\/p>\n","protected":false},"excerpt":{"rendered":"<p>Els ajudants del Rei Carnestoltes ens han vingut a veure i ens han donat a cada classe un sobre amb les ordres que haurem de complir durant la setmana vinent.<br \/>\nA ritme de vers ens han demanat que dilluns 17 haurem d&#8217;anar a l&#8217;escola vestits d&#8217;un&hellip;  <a href=\"https:\/\/agora.xtec.cat\/ceipramonestadella\/general\/han-vingut-els-ajudants-del-rei-carnestoltes\/\" title=\"Read A P3, P4 I P5 HAN VINGUT ELS AJUDANTS DEL REI CARNESTOLTES\">Llegeix m\u00e9s\u00bb<\/a><\/p>\n","protected":false},"author":9,"featured_media":0,"comment_status":"open","ping_status":"closed","sticky":false,"template":"","format":"standard","meta":{"_bbp_topic_count":0,"_bbp_reply_count":0,"_bbp_total_topic_count":0,"_bbp_total_reply_count":0,"_bbp_voice_count":0,"_bbp_anonymous_reply_count":0,"_bbp_topic_count_hidden":0,"_bbp_reply_count_hidden":0,"_bbp_forum_subforum_count":0,"footnotes":""},"categories":[401,1],"tags":[72],"class_list":["post-8933","post","type-post","status-publish","format-standard","hentry","category-educacio-infantil-2","category-general","tag-educacio-infantil"],"post_mailing_queue_ids":[],"_links":{"self":[{"href":"https:\/\/agora.xtec.cat\/ceipramonestadella\/wp-json\/wp\/v2\/posts\/8933","targetHints":{"allow":["GET"]}}],"collection":[{"href":"https:\/\/agora.xtec.cat\/ceipramonestadella\/wp-json\/wp\/v2\/posts"}],"about":[{"href":"https:\/\/agora.xtec.cat\/ceipramonestadella\/wp-json\/wp\/v2\/types\/post"}],"author":[{"embeddable":true,"href":"https:\/\/agora.xtec.cat\/ceipramonestadella\/wp-json\/wp\/v2\/users\/9"}],"replies":[{"embeddable":true,"href":"https:\/\/agora.xtec.cat\/ceipramonestadella\/wp-json\/wp\/v2\/comments?post=8933"}],"version-history":[{"count":3,"href":"https:\/\/agora.xtec.cat\/ceipramonestadella\/wp-json\/wp\/v2\/posts\/8933\/revisions"}],"predecessor-version":[{"id":8939,"href":"https:\/\/agora.xtec.cat\/ceipramonestadella\/wp-json\/wp\/v2\/posts\/8933\/revisions\/8939"}],"wp:attachment":[{"href":"https:\/\/agora.xtec.cat\/ceipramonestadella\/wp-json\/wp\/v2\/media?parent=8933"}],"wp:term":[{"taxonomy":"category","embeddable":true,"href":"https:\/\/agora.xtec.cat\/ceipramonestadella\/wp-json\/wp\/v2\/categories?post=8933"},{"taxonomy":"post_tag","embeddable":true,"href":"https:\/\/agora.xtec.cat\/ceipramonestadella\/wp-json\/wp\/v2\/tags?post=8933"}],"curies":[{"name":"wp","href":"https:\/\/api.w.org\/{rel}","templated":true}]}}