{"id":8849,"date":"2020-01-31T15:50:38","date_gmt":"2020-01-31T14:50:38","guid":{"rendered":"http:\/\/agora.xtec.cat\/ceipramonestadella\/?p=8849"},"modified":"2020-01-31T15:50:38","modified_gmt":"2020-01-31T14:50:38","slug":"celebrem-el-dia-de-la-pau-a-educacio-infantil","status":"publish","type":"post","link":"https:\/\/agora.xtec.cat\/ceipramonestadella\/general\/celebrem-el-dia-de-la-pau-a-educacio-infantil\/","title":{"rendered":"CELEBREM EL DIA DE LA PAU A EDUCACI\u00d3 INFANTIL"},"content":{"rendered":"<p>Durant el mat\u00ed, l&#8217;alumnat d&#8217;educaci\u00f3 infantil ha realitzat uns tallers per tal de conscienciar-se sobre la import\u00e0ncia de ser solidaris, respectuosos, emp\u00e0tics, lliures&#8230;, I d&#8217;aquesta manera poder conviure en un m\u00f3n millor.<\/p>\n<p>Els nens i les nenes han treballat en grups i els de P-3 i P-5 amb la seva parella TEI.<\/p>\n<p>S&#8217;ho han passat molt b\u00e9 !!!\u00a0 Mireu quin mural hem confeccionat !!!<\/p>\n<p><a href=\"https:\/\/photos.app.goo.gl\/u4PjDpctgct9Q68E7\">Cliqueu aqu\u00ed per veure les fotos<\/a><\/p>\n<p>&nbsp;<\/p>\n<p><img loading=\"lazy\" decoding=\"async\" class=\"\" src=\"https:\/\/lh3.googleusercontent.com\/ZyGhtZMDzQSj-D2Ozc4mp9zX0FV1WkZPH7LOnWFy4lzN5F7ygDHsf0IE0aVIRL_xrQQzLCFAmDudIsf-nij5VES6HF7pH5GRoCz9v0kuCFisbxSzMpOpnd0oBCHFiuj5UvQGFI_n2stLjHs605NhxASi4aLirn05DY4isPJXT-9vKwK62Xt3wgNfRvjY1MsAJZjax-mD-zcFzboCtl4h6WLWCV3rGv4lLTJez-0rFFHMOyALrJ5qi0ndE6b_Ie519m-kZOn4-h_uc8x6V-CGiK54ldC23kYOFiTomOdsB6DnPXdR2_0OfqUQLcVyC4uMWo96EV_UCIIe2pBZgH50cuBw2yRAt0WE38SWtBkjS4NvvMV5ZfbJOmqTF-Ioclk393qNijBD6Z0jtEtkZS4dkxNkSQTcw_q2686hR2fKdwn9rsDQPiLpQkLhoeemf2nsp611AhddWXiHfHn7OzZyPNUQxm5oFxhjAJo6v71J36CHUqPMf85H_Vkatiu3IUvrKvQb_TiWDJdSdwapO9S4TvkxumXaoU8zbhTnx9n27VaPkViuJ6PmtilR3mb0-HmfBXenYalGQviJqbwc8T2Ci5a85qO8BPHPGKzhm-PbWou5sXQNmsJ-L7_EEnYrbiLG-N6KMFfge75tWy4hP5Kf3Jjf5qSh3sSixzEKbjKJkKlSqCaRO020nn6hJLB7QSfOqpwlX6db16G-1VGdabDubryqeYFkjg8q6UEUqJmG9OgWt3Xa=w1403-h1052-no\" width=\"362\" height=\"272\" \/><\/p>\n","protected":false},"excerpt":{"rendered":"<p>Durant el mat\u00ed, l&#8217;alumnat d&#8217;educaci\u00f3 infantil ha realitzat uns tallers per tal de conscienciar-se sobre la import\u00e0ncia de ser solidaris, respectuosos, emp\u00e0tics, lliures&#8230;, I d&#8217;aquesta manera poder conviure en un m\u00f3n millor.<br \/>\nEls nens i les nenes han treballat en grups i els de P-3 i&hellip;  <a href=\"https:\/\/agora.xtec.cat\/ceipramonestadella\/general\/celebrem-el-dia-de-la-pau-a-educacio-infantil\/\" title=\"Read CELEBREM EL DIA DE LA PAU A EDUCACI\u00d3 INFANTIL\">Llegeix m\u00e9s\u00bb<\/a><\/p>\n","protected":false},"author":9,"featured_media":0,"comment_status":"open","ping_status":"closed","sticky":false,"template":"","format":"standard","meta":{"_bbp_topic_count":0,"_bbp_reply_count":0,"_bbp_total_topic_count":0,"_bbp_total_reply_count":0,"_bbp_voice_count":0,"_bbp_anonymous_reply_count":0,"_bbp_topic_count_hidden":0,"_bbp_reply_count_hidden":0,"_bbp_forum_subforum_count":0,"footnotes":""},"categories":[1],"tags":[478,72],"class_list":["post-8849","post","type-post","status-publish","format-standard","hentry","category-general","tag-educacio-infanti","tag-educacio-infantil"],"post_mailing_queue_ids":[],"_links":{"self":[{"href":"https:\/\/agora.xtec.cat\/ceipramonestadella\/wp-json\/wp\/v2\/posts\/8849","targetHints":{"allow":["GET"]}}],"collection":[{"href":"https:\/\/agora.xtec.cat\/ceipramonestadella\/wp-json\/wp\/v2\/posts"}],"about":[{"href":"https:\/\/agora.xtec.cat\/ceipramonestadella\/wp-json\/wp\/v2\/types\/post"}],"author":[{"embeddable":true,"href":"https:\/\/agora.xtec.cat\/ceipramonestadella\/wp-json\/wp\/v2\/users\/9"}],"replies":[{"embeddable":true,"href":"https:\/\/agora.xtec.cat\/ceipramonestadella\/wp-json\/wp\/v2\/comments?post=8849"}],"version-history":[{"count":1,"href":"https:\/\/agora.xtec.cat\/ceipramonestadella\/wp-json\/wp\/v2\/posts\/8849\/revisions"}],"predecessor-version":[{"id":8850,"href":"https:\/\/agora.xtec.cat\/ceipramonestadella\/wp-json\/wp\/v2\/posts\/8849\/revisions\/8850"}],"wp:attachment":[{"href":"https:\/\/agora.xtec.cat\/ceipramonestadella\/wp-json\/wp\/v2\/media?parent=8849"}],"wp:term":[{"taxonomy":"category","embeddable":true,"href":"https:\/\/agora.xtec.cat\/ceipramonestadella\/wp-json\/wp\/v2\/categories?post=8849"},{"taxonomy":"post_tag","embeddable":true,"href":"https:\/\/agora.xtec.cat\/ceipramonestadella\/wp-json\/wp\/v2\/tags?post=8849"}],"curies":[{"name":"wp","href":"https:\/\/api.w.org\/{rel}","templated":true}]}}