{"id":8770,"date":"2020-01-08T21:50:31","date_gmt":"2020-01-08T20:50:31","guid":{"rendered":"http:\/\/agora.xtec.cat\/ceipramonestadella\/?p=8770"},"modified":"2020-01-08T21:50:31","modified_gmt":"2020-01-08T20:50:31","slug":"obrim-els-regals-dels-reis-a-infantil","status":"publish","type":"post","link":"https:\/\/agora.xtec.cat\/ceipramonestadella\/general\/obrim-els-regals-dels-reis-a-infantil\/","title":{"rendered":"OBRIM ELS REGALS DELS REIS A INFANTIL"},"content":{"rendered":"<p>Hola fam\u00edlies,<\/p>\n<p>Avui ha estat el primer dia d\u2019escola despr\u00e9s de les vacances de Nadal. Ha estat un dia molt especial i bonic perqu\u00e8 feia molts dies que no ens veiem i ens hav\u00edem d\u2019explicar moltes coses. Per\u00f2 tamb\u00e9 perqu\u00e8 els Reis d\u2019Orient no s\u2019han oblidat de nosaltres i han passat per l\u2019escola!!<\/p>\n<p style=\"text-align: center;\"><strong><span style=\"color: #ff0000;\"><a style=\"color: #ff0000;\" href=\"https:\/\/photos.app.goo.gl\/pXchcgnx8bxYbP4Q6\">Mireu mireu que ens deixat<\/a><\/span><\/strong><\/p>\n","protected":false},"excerpt":{"rendered":"<p>Hola fam\u00edlies,<br \/>\nAvui ha estat el primer dia d\u2019escola despr\u00e9s de les vacances de Nadal. Ha estat un dia molt especial i bonic perqu\u00e8 feia molts dies que no ens veiem i ens hav\u00edem d\u2019explicar moltes coses. Per\u00f2 tamb\u00e9 perqu\u00e8 els Reis d\u2019Orient no s\u2019han oblidat&hellip;  <a href=\"https:\/\/agora.xtec.cat\/ceipramonestadella\/general\/obrim-els-regals-dels-reis-a-infantil\/\" title=\"Read OBRIM ELS REGALS DELS REIS A INFANTIL\">Llegeix m\u00e9s\u00bb<\/a><\/p>\n","protected":false},"author":9,"featured_media":0,"comment_status":"open","ping_status":"closed","sticky":false,"template":"","format":"standard","meta":{"_bbp_topic_count":0,"_bbp_reply_count":0,"_bbp_total_topic_count":0,"_bbp_total_reply_count":0,"_bbp_voice_count":0,"_bbp_anonymous_reply_count":0,"_bbp_topic_count_hidden":0,"_bbp_reply_count_hidden":0,"_bbp_forum_subforum_count":0,"footnotes":""},"categories":[401,1],"tags":[72],"class_list":["post-8770","post","type-post","status-publish","format-standard","hentry","category-educacio-infantil-2","category-general","tag-educacio-infantil"],"post_mailing_queue_ids":[],"_links":{"self":[{"href":"https:\/\/agora.xtec.cat\/ceipramonestadella\/wp-json\/wp\/v2\/posts\/8770","targetHints":{"allow":["GET"]}}],"collection":[{"href":"https:\/\/agora.xtec.cat\/ceipramonestadella\/wp-json\/wp\/v2\/posts"}],"about":[{"href":"https:\/\/agora.xtec.cat\/ceipramonestadella\/wp-json\/wp\/v2\/types\/post"}],"author":[{"embeddable":true,"href":"https:\/\/agora.xtec.cat\/ceipramonestadella\/wp-json\/wp\/v2\/users\/9"}],"replies":[{"embeddable":true,"href":"https:\/\/agora.xtec.cat\/ceipramonestadella\/wp-json\/wp\/v2\/comments?post=8770"}],"version-history":[{"count":2,"href":"https:\/\/agora.xtec.cat\/ceipramonestadella\/wp-json\/wp\/v2\/posts\/8770\/revisions"}],"predecessor-version":[{"id":8772,"href":"https:\/\/agora.xtec.cat\/ceipramonestadella\/wp-json\/wp\/v2\/posts\/8770\/revisions\/8772"}],"wp:attachment":[{"href":"https:\/\/agora.xtec.cat\/ceipramonestadella\/wp-json\/wp\/v2\/media?parent=8770"}],"wp:term":[{"taxonomy":"category","embeddable":true,"href":"https:\/\/agora.xtec.cat\/ceipramonestadella\/wp-json\/wp\/v2\/categories?post=8770"},{"taxonomy":"post_tag","embeddable":true,"href":"https:\/\/agora.xtec.cat\/ceipramonestadella\/wp-json\/wp\/v2\/tags?post=8770"}],"curies":[{"name":"wp","href":"https:\/\/api.w.org\/{rel}","templated":true}]}}