{"id":8734,"date":"2019-12-18T10:12:09","date_gmt":"2019-12-18T09:12:09","guid":{"rendered":"http:\/\/agora.xtec.cat\/ceipramonestadella\/?p=8734"},"modified":"2019-12-18T10:12:09","modified_gmt":"2019-12-18T09:12:09","slug":"informacions-festival-de-nadal","status":"publish","type":"post","link":"https:\/\/agora.xtec.cat\/ceipramonestadella\/general\/informacions-festival-de-nadal\/","title":{"rendered":"INFORMACIONS FESTIVAL DE NADAL"},"content":{"rendered":"<p style=\"font-weight: 400;\">Benvolgudes fam\u00edlies,<\/p>\n<p style=\"font-weight: 400;\">Us recordem que dijous\u00a0<strong>19 de desembre per la tarda<\/strong>\u00a0es far\u00e0 el festival de Nadal.<\/p>\n<p style=\"font-weight: 400;\">L\u2019alumnat que va a dinar a\u00a0<strong><u>casa\u00a0<\/u><em>han de venir vestits per la festa i no cal que portin motxilla<\/em>.<\/strong>\u00a0Els que queden al\u00a0<strong><u>menjador,\u00a0<\/u><em>hauran de portar la roba en una bossa per canviar-se al migdia.<\/em><\/strong><\/p>\n<p style=\"font-weight: 400;\">Per la bona organitzaci\u00f3 del festival us agrair\u00edem que respect\u00e9ssiu l\u2019espai assignat pels alumnes (marcat amb una cinta). L\u2019escola gravar\u00e0 i far\u00e0 fotografies de \u00a0tot l\u2019espectacle i posteriorment el podreu veure al Blog de l\u2019Escola.<\/p>\n<p style=\"font-weight: 400;\"><strong><u>En cas de pluja:<\/u><\/strong><\/p>\n<ul>\n<li style=\"font-weight: 400;\"><strong>l\u2019alumnat que va a dinar a casa haur\u00e0 de pujar directament al pavell\u00f3.<\/strong><\/li>\n<li style=\"font-weight: 400;\"><strong>l\u2019alumnat que es queda a dinar a l\u2019escola hauria de portar paraig\u00fces (si voleu podeu venir a buscar-los i portar-los vosaltres mateixos al pavell\u00f3 a les 14:45h).<\/strong><\/li>\n<\/ul>\n<p style=\"font-weight: 400;\"><strong>Divendres hi ha jornada intensiva<\/strong>\u00a0i per tant, l&#8217;horari ser\u00e0 de\u00a0<strong>9 a 13 hores<\/strong> per tot l\u2019alumnat (de 9 a 14&#8217;50 pels que es queden al menjador)<\/p>\n<p style=\"font-weight: 400;\"><strong>Aquest dia no hi haur\u00e0 extraescolars per la tarda, l&#8217;activitat de Kids &amp; Us es far\u00e0 amb normalitat.<\/strong><\/p>\n<p style=\"font-weight: 400;\"><em>Aprofitem per recordar-vos diferents punts durant el Festival de Nadal:<\/em><\/p>\n<ol>\n<li style=\"font-weight: 400;\"><em>La utilitzaci\u00f3 de la captaci\u00f3 d\u2019enregistraments de v\u00eddeos o imatges est\u00e0 autoritzada per a la seva utilitzaci\u00f3 nom\u00e9s a nivell personal, familiar o d\u2019escola.<\/em><\/li>\n<\/ol>\n<ol start=\"2\">\n<li style=\"font-weight: 400;\"><em>No est\u00e0 permesa la publicaci\u00f3 d\u2019aquests enregistraments a les xarxes, excepte que es tingui el consentiment de tots els que apareixen a les imatges.<\/em><\/li>\n<\/ol>\n<ol start=\"3\">\n<li style=\"font-weight: 400;\"><em>Les persones que publiquin les imatges, assumiran la responsabilitat per l\u2019\u00fas inadequat que se n\u2019hagi pogut fer<\/em><\/li>\n<\/ol>\n<p style=\"font-weight: 400;\"><em>Moltes gr\u00e0cies per la vostra col\u00b7laboraci\u00f3.<\/em><\/p>\n<p style=\"font-weight: 400;\"><strong>Ens retrobarem el dimecres 8 de gener de 2020<\/strong>.<\/p>\n<p style=\"font-weight: 400;\"><em>El Claustre de l&#8217;escola us desitja un Bon Nadal i una bona entrada a l&#8217;any 2020!!!<\/em><\/p>\n<p><a href=\"https:\/\/agora.xtec.cat\/ceipramonestadella\/wp-content\/uploads\/usu385\/2019\/12\/image-1.png\"><img loading=\"lazy\" decoding=\"async\" class=\"alignnone size-full wp-image-8735\" src=\"https:\/\/agora.xtec.cat\/ceipramonestadella\/wp-content\/uploads\/usu385\/2019\/12\/image-1.png\" alt=\"\" width=\"826\" height=\"549\" srcset=\"https:\/\/agora.xtec.cat\/ceipramonestadella\/wp-content\/uploads\/usu385\/2019\/12\/image-1.png 826w, https:\/\/agora.xtec.cat\/ceipramonestadella\/wp-content\/uploads\/usu385\/2019\/12\/image-1-300x199.png 300w, https:\/\/agora.xtec.cat\/ceipramonestadella\/wp-content\/uploads\/usu385\/2019\/12\/image-1-768x510.png 768w\" sizes=\"auto, (max-width: 826px) 100vw, 826px\" \/><\/a><\/p>\n","protected":false},"excerpt":{"rendered":"<p>Benvolgudes fam\u00edlies,<br \/>\nUs recordem que dijous\u00a019 de desembre per la tarda\u00a0es far\u00e0 el festival de Nadal.<br \/>\nL\u2019alumnat que va a dinar a\u00a0casa\u00a0han de venir vestits per la festa i no cal que portin motxilla.\u00a0Els que queden al\u00a0menjador,\u00a0hauran de portar la roba en una bossa per canviar-se al&hellip;  <a href=\"https:\/\/agora.xtec.cat\/ceipramonestadella\/general\/informacions-festival-de-nadal\/\" title=\"Read INFORMACIONS FESTIVAL DE NADAL\">Llegeix m\u00e9s\u00bb<\/a><\/p>\n","protected":false},"author":3,"featured_media":1793,"comment_status":"open","ping_status":"closed","sticky":false,"template":"","format":"standard","meta":{"_bbp_topic_count":0,"_bbp_reply_count":0,"_bbp_total_topic_count":0,"_bbp_total_reply_count":0,"_bbp_voice_count":0,"_bbp_anonymous_reply_count":0,"_bbp_topic_count_hidden":0,"_bbp_reply_count_hidden":0,"_bbp_forum_subforum_count":0,"footnotes":""},"categories":[1],"tags":[],"class_list":["post-8734","post","type-post","status-publish","format-standard","has-post-thumbnail","hentry","category-general"],"post_mailing_queue_ids":[],"_links":{"self":[{"href":"https:\/\/agora.xtec.cat\/ceipramonestadella\/wp-json\/wp\/v2\/posts\/8734","targetHints":{"allow":["GET"]}}],"collection":[{"href":"https:\/\/agora.xtec.cat\/ceipramonestadella\/wp-json\/wp\/v2\/posts"}],"about":[{"href":"https:\/\/agora.xtec.cat\/ceipramonestadella\/wp-json\/wp\/v2\/types\/post"}],"author":[{"embeddable":true,"href":"https:\/\/agora.xtec.cat\/ceipramonestadella\/wp-json\/wp\/v2\/users\/3"}],"replies":[{"embeddable":true,"href":"https:\/\/agora.xtec.cat\/ceipramonestadella\/wp-json\/wp\/v2\/comments?post=8734"}],"version-history":[{"count":1,"href":"https:\/\/agora.xtec.cat\/ceipramonestadella\/wp-json\/wp\/v2\/posts\/8734\/revisions"}],"predecessor-version":[{"id":8736,"href":"https:\/\/agora.xtec.cat\/ceipramonestadella\/wp-json\/wp\/v2\/posts\/8734\/revisions\/8736"}],"wp:featuredmedia":[{"embeddable":true,"href":"https:\/\/agora.xtec.cat\/ceipramonestadella\/wp-json\/wp\/v2\/media\/1793"}],"wp:attachment":[{"href":"https:\/\/agora.xtec.cat\/ceipramonestadella\/wp-json\/wp\/v2\/media?parent=8734"}],"wp:term":[{"taxonomy":"category","embeddable":true,"href":"https:\/\/agora.xtec.cat\/ceipramonestadella\/wp-json\/wp\/v2\/categories?post=8734"},{"taxonomy":"post_tag","embeddable":true,"href":"https:\/\/agora.xtec.cat\/ceipramonestadella\/wp-json\/wp\/v2\/tags?post=8734"}],"curies":[{"name":"wp","href":"https:\/\/api.w.org\/{rel}","templated":true}]}}