{"id":8698,"date":"2019-12-13T09:41:28","date_gmt":"2019-12-13T08:41:28","guid":{"rendered":"http:\/\/agora.xtec.cat\/ceipramonestadella\/?p=8698"},"modified":"2019-12-13T09:41:32","modified_gmt":"2019-12-13T08:41:32","slug":"els-ambients-dinfantil-al-primer-trimestre","status":"publish","type":"post","link":"https:\/\/agora.xtec.cat\/ceipramonestadella\/general\/els-ambients-dinfantil-al-primer-trimestre\/","title":{"rendered":"ELS AMBIENTS D&#8217;INFANTIL AL PRIMER TRIMESTRE"},"content":{"rendered":"<p>Com ja deveu saber ens encanta fer ambients! Podem escollir qu\u00e8 \u00e9s el que m\u00e9s ens agrada fer: construir, crear, disfressar-nos, experimentar, jugar al supermercat&#8230;. i una infinitat de jocs m\u00e9s i de possibilitats que fan que les tardes dels dilluns i dels dijous siguin unes tardes fant\u00e0stiques, per aix\u00f2 tamb\u00e9 volem compartir-ho amb vosaltres. Per poder-nos veure en acci\u00f3 teniu a sota l&#8217;enlla\u00e7 a moltes fotos que resumeixen el primer trimestre d&#8217;ambients, entreu-hi i a gaudir!<\/p>\n<p>Per veure les imatges <a href=\"https:\/\/photos.app.goo.gl\/pFRjcVHBVv53GZuX6\">feu clic aqu\u00ed<\/a><\/p>\n<p><a href=\"https:\/\/agora.xtec.cat\/ceipramonestadella\/wp-content\/uploads\/usu385\/2019\/12\/3.jpg\"><img loading=\"lazy\" decoding=\"async\" class=\"aligncenter wp-image-8706 size-medium\" src=\"https:\/\/agora.xtec.cat\/ceipramonestadella\/wp-content\/uploads\/usu385\/2019\/12\/3-300x222.jpg\" alt=\"\" width=\"300\" height=\"222\" srcset=\"https:\/\/agora.xtec.cat\/ceipramonestadella\/wp-content\/uploads\/usu385\/2019\/12\/3-300x222.jpg 300w, https:\/\/agora.xtec.cat\/ceipramonestadella\/wp-content\/uploads\/usu385\/2019\/12\/3-768x569.jpg 768w, https:\/\/agora.xtec.cat\/ceipramonestadella\/wp-content\/uploads\/usu385\/2019\/12\/3-1024x759.jpg 1024w\" sizes=\"auto, (max-width: 300px) 100vw, 300px\" \/><\/a><\/p>\n","protected":false},"excerpt":{"rendered":"<p>Com ja deveu saber ens encanta fer ambients! Podem escollir qu\u00e8 \u00e9s el que m\u00e9s ens agrada fer: construir, crear, disfressar-nos, experimentar, jugar al supermercat&#8230;. i una infinitat de jocs m\u00e9s i de possibilitats que fan que les tardes dels dilluns i dels dijous siguin&hellip;  <a href=\"https:\/\/agora.xtec.cat\/ceipramonestadella\/general\/els-ambients-dinfantil-al-primer-trimestre\/\" title=\"Read ELS AMBIENTS D&#8217;INFANTIL AL PRIMER TRIMESTRE\">Llegeix m\u00e9s\u00bb<\/a><\/p>\n","protected":false},"author":9,"featured_media":0,"comment_status":"open","ping_status":"closed","sticky":false,"template":"","format":"standard","meta":{"_bbp_topic_count":0,"_bbp_reply_count":0,"_bbp_total_topic_count":0,"_bbp_total_reply_count":0,"_bbp_voice_count":0,"_bbp_anonymous_reply_count":0,"_bbp_topic_count_hidden":0,"_bbp_reply_count_hidden":0,"_bbp_forum_subforum_count":0,"footnotes":""},"categories":[767,401,348,1,250,251,247,425],"tags":[72,391,402,411,424,524],"class_list":["post-8698","post","type-post","status-publish","format-standard","hentry","category-ambients","category-educacio-infantil-2","category-ei","category-general","category-p3","category-p4","category-p5","category-p5-a","tag-educacio-infantil","tag-general","tag-p3","tag-p4","tag-p5-a","tag-p5-b"],"post_mailing_queue_ids":[],"_links":{"self":[{"href":"https:\/\/agora.xtec.cat\/ceipramonestadella\/wp-json\/wp\/v2\/posts\/8698","targetHints":{"allow":["GET"]}}],"collection":[{"href":"https:\/\/agora.xtec.cat\/ceipramonestadella\/wp-json\/wp\/v2\/posts"}],"about":[{"href":"https:\/\/agora.xtec.cat\/ceipramonestadella\/wp-json\/wp\/v2\/types\/post"}],"author":[{"embeddable":true,"href":"https:\/\/agora.xtec.cat\/ceipramonestadella\/wp-json\/wp\/v2\/users\/9"}],"replies":[{"embeddable":true,"href":"https:\/\/agora.xtec.cat\/ceipramonestadella\/wp-json\/wp\/v2\/comments?post=8698"}],"version-history":[{"count":4,"href":"https:\/\/agora.xtec.cat\/ceipramonestadella\/wp-json\/wp\/v2\/posts\/8698\/revisions"}],"predecessor-version":[{"id":8708,"href":"https:\/\/agora.xtec.cat\/ceipramonestadella\/wp-json\/wp\/v2\/posts\/8698\/revisions\/8708"}],"wp:attachment":[{"href":"https:\/\/agora.xtec.cat\/ceipramonestadella\/wp-json\/wp\/v2\/media?parent=8698"}],"wp:term":[{"taxonomy":"category","embeddable":true,"href":"https:\/\/agora.xtec.cat\/ceipramonestadella\/wp-json\/wp\/v2\/categories?post=8698"},{"taxonomy":"post_tag","embeddable":true,"href":"https:\/\/agora.xtec.cat\/ceipramonestadella\/wp-json\/wp\/v2\/tags?post=8698"}],"curies":[{"name":"wp","href":"https:\/\/api.w.org\/{rel}","templated":true}]}}