{"id":8542,"date":"2019-11-14T13:01:51","date_gmt":"2019-11-14T12:01:51","guid":{"rendered":"http:\/\/agora.xtec.cat\/ceipramonestadella\/?p=8542"},"modified":"2019-11-14T13:01:51","modified_gmt":"2019-11-14T12:01:51","slug":"trobada-de-futbol-sala-a-sant-guim-de-freixenet","status":"publish","type":"post","link":"https:\/\/agora.xtec.cat\/ceipramonestadella\/general\/trobada-de-futbol-sala-a-sant-guim-de-freixenet\/","title":{"rendered":"Trobada de futbol sala a sant Guim de Freixenet"},"content":{"rendered":"<p>Benvolguts,<\/p>\n<p>Us presentem la trobada escolar de futbol sala dels Jocs Esportius Escolars a Sant Guim de Freixenet del proper\u00a0<strong><u>24 de Novembre, a partir de les 10h al costat del pavell\u00f3 municipal de Sant Guim de Freixenet<\/u><\/strong>.<\/p>\n<p>Recordem que totes les trobades del Consell Esportiu de la Segarra es donar\u00e0 aigua i fruita a tots els participants.<\/p>\n<p>\u00d8\u00a0\u00a0<strong><u>La data m\u00e0xima d&#8217;inscripci\u00f3 ser\u00e0 fins el proper dijous 21 de novembre a les 12:00h\u00a0<\/u><\/strong><\/p>\n<p>\u00d8\u00a0\u00a0<strong><u>HORARI DELS PARTITS: el divendres 22 novembre passarem el quadrant de partits<\/u><\/strong><\/p>\n<p>Es disposar\u00e0 d\u2019autocar gratu\u00eft, sempre hi quant hi hagi un m\u00ednim d\u2019inscrits, i s\u2019haur\u00e0 de demanar amb la inscripci\u00f3 de l\u2019equip.<\/p>\n<p><strong><u>Per participar, nom\u00e9s us heu de ficar en contacte amb el vostre professor\/a d\u2019educaci\u00f3 f\u00edsica i tenir tramitada la llic\u00e8ncia (amb asseguran\u00e7a) amb el consell esportiu d\u2019origen.\u00a0<\/u><\/strong>Els qui no tinguin la llic\u00e8ncia anual podran realitzar una asseguran\u00e7a puntual de 2\u20ac.<\/p>\n<p>&nbsp;<\/p>\n<p>Us animem a participar i a gaudir de l\u2019esport amb valors!<a href=\"https:\/\/agora.xtec.cat\/ceipramonestadella\/wp-content\/uploads\/usu385\/2019\/11\/Cartell-FSSG.jpg\"><img loading=\"lazy\" decoding=\"async\" class=\"alignnone size-full wp-image-8543\" src=\"https:\/\/agora.xtec.cat\/ceipramonestadella\/wp-content\/uploads\/usu385\/2019\/11\/Cartell-FSSG.jpg\" alt=\"\" width=\"1588\" height=\"2246\" srcset=\"https:\/\/agora.xtec.cat\/ceipramonestadella\/wp-content\/uploads\/usu385\/2019\/11\/Cartell-FSSG.jpg 1588w, https:\/\/agora.xtec.cat\/ceipramonestadella\/wp-content\/uploads\/usu385\/2019\/11\/Cartell-FSSG-212x300.jpg 212w, https:\/\/agora.xtec.cat\/ceipramonestadella\/wp-content\/uploads\/usu385\/2019\/11\/Cartell-FSSG-768x1086.jpg 768w, https:\/\/agora.xtec.cat\/ceipramonestadella\/wp-content\/uploads\/usu385\/2019\/11\/Cartell-FSSG-724x1024.jpg 724w\" sizes=\"auto, (max-width: 1588px) 100vw, 1588px\" \/><\/a><\/p>\n<p>&nbsp;<\/p>\n","protected":false},"excerpt":{"rendered":"<p>Benvolguts,<br \/>\nUs presentem la trobada escolar de futbol sala dels Jocs Esportius Escolars a Sant Guim de Freixenet del proper\u00a024 de Novembre, a partir de les 10h al costat del pavell\u00f3 municipal de Sant Guim de Freixenet.<br \/>\nRecordem que totes les trobades del Consell Esportiu de la&hellip;  <a href=\"https:\/\/agora.xtec.cat\/ceipramonestadella\/general\/trobada-de-futbol-sala-a-sant-guim-de-freixenet\/\" title=\"Read Trobada de futbol sala a sant Guim de Freixenet\">Llegeix m\u00e9s\u00bb<\/a><\/p>\n","protected":false},"author":7,"featured_media":1793,"comment_status":"open","ping_status":"closed","sticky":false,"template":"","format":"standard","meta":{"_bbp_topic_count":0,"_bbp_reply_count":0,"_bbp_total_topic_count":0,"_bbp_total_reply_count":0,"_bbp_voice_count":0,"_bbp_anonymous_reply_count":0,"_bbp_topic_count_hidden":0,"_bbp_reply_count_hidden":0,"_bbp_forum_subforum_count":0,"footnotes":""},"categories":[1],"tags":[759,806,781,511,586,624,805,761],"class_list":["post-8542","post","type-post","status-publish","format-standard","has-post-thumbnail","hentry","category-general","tag-ces","tag-consell-esportiu-de-la-segarra","tag-e-f","tag-educacio-fisica","tag-esport","tag-esport-escolar","tag-pcee","tag-valors"],"post_mailing_queue_ids":[],"_links":{"self":[{"href":"https:\/\/agora.xtec.cat\/ceipramonestadella\/wp-json\/wp\/v2\/posts\/8542","targetHints":{"allow":["GET"]}}],"collection":[{"href":"https:\/\/agora.xtec.cat\/ceipramonestadella\/wp-json\/wp\/v2\/posts"}],"about":[{"href":"https:\/\/agora.xtec.cat\/ceipramonestadella\/wp-json\/wp\/v2\/types\/post"}],"author":[{"embeddable":true,"href":"https:\/\/agora.xtec.cat\/ceipramonestadella\/wp-json\/wp\/v2\/users\/7"}],"replies":[{"embeddable":true,"href":"https:\/\/agora.xtec.cat\/ceipramonestadella\/wp-json\/wp\/v2\/comments?post=8542"}],"version-history":[{"count":1,"href":"https:\/\/agora.xtec.cat\/ceipramonestadella\/wp-json\/wp\/v2\/posts\/8542\/revisions"}],"predecessor-version":[{"id":8544,"href":"https:\/\/agora.xtec.cat\/ceipramonestadella\/wp-json\/wp\/v2\/posts\/8542\/revisions\/8544"}],"wp:featuredmedia":[{"embeddable":true,"href":"https:\/\/agora.xtec.cat\/ceipramonestadella\/wp-json\/wp\/v2\/media\/1793"}],"wp:attachment":[{"href":"https:\/\/agora.xtec.cat\/ceipramonestadella\/wp-json\/wp\/v2\/media?parent=8542"}],"wp:term":[{"taxonomy":"category","embeddable":true,"href":"https:\/\/agora.xtec.cat\/ceipramonestadella\/wp-json\/wp\/v2\/categories?post=8542"},{"taxonomy":"post_tag","embeddable":true,"href":"https:\/\/agora.xtec.cat\/ceipramonestadella\/wp-json\/wp\/v2\/tags?post=8542"}],"curies":[{"name":"wp","href":"https:\/\/api.w.org\/{rel}","templated":true}]}}