{"id":8335,"date":"2019-10-30T10:46:06","date_gmt":"2019-10-30T09:46:06","guid":{"rendered":"http:\/\/agora.xtec.cat\/ceipramonestadella\/?p=8335"},"modified":"2019-10-30T10:46:06","modified_gmt":"2019-10-30T09:46:06","slug":"a-cicle-inicial-ens-presentem-a-lescola-piaget-de-barcelona","status":"publish","type":"post","link":"https:\/\/agora.xtec.cat\/ceipramonestadella\/general\/a-cicle-inicial-ens-presentem-a-lescola-piaget-de-barcelona\/","title":{"rendered":"A CICLE INICIAL ENS PRESENTEM A L&#8217;ESCOLA PIAGET DE BARCELONA"},"content":{"rendered":"<p>Durant aquest mes d&#8217;octubre els alumnes de cicle inicial ens hem presentat a l&#8217;escola Piaget de Barcelona en castell\u00e0. Ells ens han contestat en catal\u00e0.\u00a0 La idea \u00e9s fer un intercanvi ling\u00fc\u00edstic a trav\u00e9s de la plataforma e-Twinning.\u00a0 Ells per practicar les compet\u00e8ncies en llengua catalana i nosaltres en llengua castellana.<\/p>\n<p>Aqu\u00ed us deixem l&#8217;enlla\u00e7 dels seu blog per tal que els pugueu con\u00e8ixer:<\/p>\n<p><a href=\"https:\/\/escolapiagetprimer.blogspot.com\/2019\/10\/projecte-intercanvi-descoles.html\">PRESENTACIONS DE L&#8217;ESCOLA PIAGET<\/a><\/p>\n<p>D&#8217;altra banda aqu\u00ed us deixem les nostres presentacions. Feu clic damunt de cada enlla\u00e7:<\/p>\n<p><a href=\"https:\/\/photos.google.com\/u\/1\/share\/AF1QipM7QW7dzcu1xFGiaPWUexu-T0eYsoGwGbckC1Fhbh382VM-vKkdIgWaiHBDM2FDrA?key=ZllmVlAya1prM0RVX3NUSFBfN18xUy1oWG1RN1FR\">PRESENTACIONS DE 1r<\/a><\/p>\n<p><a href=\"https:\/\/photos.app.goo.gl\/N5op93gvUGDPU8if8\">PRESENTACIONS DE 2n B<\/a><\/p>\n<p><a href=\"https:\/\/photos.app.goo.gl\/pciqQd66sjGb2isPA\">PRESENTACIONS DE 2nA\u00a0<\/a><\/p>\n<p>&nbsp;<\/p>\n<p><img decoding=\"async\" class=\"aligncenter\" src=\"https:\/\/encrypted-tbn0.gstatic.com\/images?q=tbn:ANd9GcT7U3Jlj6sJUWMMqk4vIHYBFWEiCEbY3GJx6kCW2Fl8lhcF0l20&amp;s\" alt=\"Imagen relacionada\" \/><\/p>\n<p>&nbsp;<\/p>\n","protected":false},"excerpt":{"rendered":"<p>Durant aquest mes d&#8217;octubre els alumnes de cicle inicial ens hem presentat a l&#8217;escola Piaget de Barcelona en castell\u00e0. Ells ens han contestat en catal\u00e0.\u00a0 La idea \u00e9s fer un intercanvi ling\u00fc\u00edstic a trav\u00e9s de la plataforma e-Twinning.\u00a0 Ells per practicar les compet\u00e8ncies en llengua&hellip;  <a href=\"https:\/\/agora.xtec.cat\/ceipramonestadella\/general\/a-cicle-inicial-ens-presentem-a-lescola-piaget-de-barcelona\/\" title=\"Read A CICLE INICIAL ENS PRESENTEM A L&#8217;ESCOLA PIAGET DE BARCELONA\">Llegeix m\u00e9s\u00bb<\/a><\/p>\n","protected":false},"author":3,"featured_media":0,"comment_status":"open","ping_status":"closed","sticky":false,"template":"","format":"standard","meta":{"_bbp_topic_count":0,"_bbp_reply_count":0,"_bbp_total_topic_count":0,"_bbp_total_reply_count":0,"_bbp_voice_count":0,"_bbp_anonymous_reply_count":0,"_bbp_topic_count_hidden":0,"_bbp_reply_count_hidden":0,"_bbp_forum_subforum_count":0,"footnotes":""},"categories":[386,243,498,1],"tags":[405,787,788,791,789,790],"class_list":["post-8335","post","type-post","status-publish","format-standard","hentry","category-2n","category-cicle-inicial","category-cicle-inicial-2","category-general","tag-1r","tag-2na","tag-2nb","tag-escola-piaget-barcelona","tag-intercanvi-linguistic","tag-projecte-e-twinning"],"post_mailing_queue_ids":[],"_links":{"self":[{"href":"https:\/\/agora.xtec.cat\/ceipramonestadella\/wp-json\/wp\/v2\/posts\/8335","targetHints":{"allow":["GET"]}}],"collection":[{"href":"https:\/\/agora.xtec.cat\/ceipramonestadella\/wp-json\/wp\/v2\/posts"}],"about":[{"href":"https:\/\/agora.xtec.cat\/ceipramonestadella\/wp-json\/wp\/v2\/types\/post"}],"author":[{"embeddable":true,"href":"https:\/\/agora.xtec.cat\/ceipramonestadella\/wp-json\/wp\/v2\/users\/3"}],"replies":[{"embeddable":true,"href":"https:\/\/agora.xtec.cat\/ceipramonestadella\/wp-json\/wp\/v2\/comments?post=8335"}],"version-history":[{"count":3,"href":"https:\/\/agora.xtec.cat\/ceipramonestadella\/wp-json\/wp\/v2\/posts\/8335\/revisions"}],"predecessor-version":[{"id":8464,"href":"https:\/\/agora.xtec.cat\/ceipramonestadella\/wp-json\/wp\/v2\/posts\/8335\/revisions\/8464"}],"wp:attachment":[{"href":"https:\/\/agora.xtec.cat\/ceipramonestadella\/wp-json\/wp\/v2\/media?parent=8335"}],"wp:term":[{"taxonomy":"category","embeddable":true,"href":"https:\/\/agora.xtec.cat\/ceipramonestadella\/wp-json\/wp\/v2\/categories?post=8335"},{"taxonomy":"post_tag","embeddable":true,"href":"https:\/\/agora.xtec.cat\/ceipramonestadella\/wp-json\/wp\/v2\/tags?post=8335"}],"curies":[{"name":"wp","href":"https:\/\/api.w.org\/{rel}","templated":true}]}}