{"id":8256,"date":"2019-10-08T15:34:08","date_gmt":"2019-10-08T13:34:08","guid":{"rendered":"http:\/\/agora.xtec.cat\/ceipramonestadella\/?p=8256"},"modified":"2019-10-08T15:35:58","modified_gmt":"2019-10-08T13:35:58","slug":"a-la-classe-de-3r-treballem-els-animals-vertebrats","status":"publish","type":"post","link":"https:\/\/agora.xtec.cat\/ceipramonestadella\/general\/a-la-classe-de-3r-treballem-els-animals-vertebrats\/","title":{"rendered":"A la classe de 3r treballem els animals vertebrats!"},"content":{"rendered":"<p>Aquests dies a medi hem estat treballant els animals vertebrats. Hem fet grups de treballs i hem buscat informaci\u00f3 als port\u00e0tils sobre els diferents tipus d&#8217;animals. A m\u00e9s, l&#8217;Aitor ens va portar un crani d&#8217;un animal. Vam estar investiguem i creiem que \u00e9s el crani d&#8217;un llop! Ens va semblar molt sorprenent!<\/p>\n<figure class=\"figure wp-caption alignnone\"><a href=\"https:\/\/agora.xtec.cat\/ceipramonestadella\/wp-content\/uploads\/usu385\/2019\/10\/IMG_20191004_161532.jpg\"><img loading=\"lazy\" decoding=\"async\" class=\"size-large wp-image-8257\" src=\"https:\/\/agora.xtec.cat\/ceipramonestadella\/wp-content\/uploads\/usu385\/2019\/10\/IMG_20191004_161532-1024x768.jpg\" alt=\"\" width=\"1024\" height=\"768\" srcset=\"https:\/\/agora.xtec.cat\/ceipramonestadella\/wp-content\/uploads\/usu385\/2019\/10\/IMG_20191004_161532-1024x768.jpg 1024w, https:\/\/agora.xtec.cat\/ceipramonestadella\/wp-content\/uploads\/usu385\/2019\/10\/IMG_20191004_161532-300x225.jpg 300w, https:\/\/agora.xtec.cat\/ceipramonestadella\/wp-content\/uploads\/usu385\/2019\/10\/IMG_20191004_161532-768x576.jpg 768w, https:\/\/agora.xtec.cat\/ceipramonestadella\/wp-content\/uploads\/usu385\/2019\/10\/IMG_20191004_161532-200x150.jpg 200w\" sizes=\"auto, (max-width: 1024px) 100vw, 1024px\" \/><\/a><figcaption class=\"wp-caption-text\">Per veure m\u00e9s imatges podeu fer <a href=\"https:\/\/photos.app.goo.gl\/nxJ11r9u1AUHkSzq6\">clic aqu\u00ed.<\/a><\/figcaption><\/figure>\n","protected":false},"excerpt":{"rendered":"<p>Aquests dies a medi hem estat treballant els animals vertebrats. Hem fet grups de treballs i hem buscat informaci\u00f3 als port\u00e0tils sobre els diferents tipus d&#8217;animals. A m\u00e9s, l&#8217;Aitor ens va portar un crani d&#8217;un animal. Vam estar investiguem i creiem que \u00e9s el crani&hellip;  <a href=\"https:\/\/agora.xtec.cat\/ceipramonestadella\/general\/a-la-classe-de-3r-treballem-els-animals-vertebrats\/\" title=\"Read A la classe de 3r treballem els animals vertebrats!\">Llegeix m\u00e9s\u00bb<\/a><\/p>\n","protected":false},"author":6,"featured_media":8257,"comment_status":"open","ping_status":"closed","sticky":false,"template":"","format":"standard","meta":{"_bbp_topic_count":0,"_bbp_reply_count":0,"_bbp_total_topic_count":0,"_bbp_total_reply_count":0,"_bbp_voice_count":0,"_bbp_anonymous_reply_count":0,"_bbp_topic_count_hidden":0,"_bbp_reply_count_hidden":0,"_bbp_forum_subforum_count":0,"footnotes":""},"categories":[387,244,417,475,1,303,419],"tags":[406,70,476],"class_list":["post-8256","post","type-post","status-publish","format-standard","has-post-thumbnail","hentry","category-3r","category-cicle-mitja","category-cicle-mitja-2","category-coneixement-del-medi","category-general","category-grups-de-treball","category-medi","tag-3r","tag-cicle-mitja","tag-coneixement-de-medi"],"post_mailing_queue_ids":[],"_links":{"self":[{"href":"https:\/\/agora.xtec.cat\/ceipramonestadella\/wp-json\/wp\/v2\/posts\/8256","targetHints":{"allow":["GET"]}}],"collection":[{"href":"https:\/\/agora.xtec.cat\/ceipramonestadella\/wp-json\/wp\/v2\/posts"}],"about":[{"href":"https:\/\/agora.xtec.cat\/ceipramonestadella\/wp-json\/wp\/v2\/types\/post"}],"author":[{"embeddable":true,"href":"https:\/\/agora.xtec.cat\/ceipramonestadella\/wp-json\/wp\/v2\/users\/6"}],"replies":[{"embeddable":true,"href":"https:\/\/agora.xtec.cat\/ceipramonestadella\/wp-json\/wp\/v2\/comments?post=8256"}],"version-history":[{"count":1,"href":"https:\/\/agora.xtec.cat\/ceipramonestadella\/wp-json\/wp\/v2\/posts\/8256\/revisions"}],"predecessor-version":[{"id":8258,"href":"https:\/\/agora.xtec.cat\/ceipramonestadella\/wp-json\/wp\/v2\/posts\/8256\/revisions\/8258"}],"wp:featuredmedia":[{"embeddable":true,"href":"https:\/\/agora.xtec.cat\/ceipramonestadella\/wp-json\/wp\/v2\/media\/8257"}],"wp:attachment":[{"href":"https:\/\/agora.xtec.cat\/ceipramonestadella\/wp-json\/wp\/v2\/media?parent=8256"}],"wp:term":[{"taxonomy":"category","embeddable":true,"href":"https:\/\/agora.xtec.cat\/ceipramonestadella\/wp-json\/wp\/v2\/categories?post=8256"},{"taxonomy":"post_tag","embeddable":true,"href":"https:\/\/agora.xtec.cat\/ceipramonestadella\/wp-json\/wp\/v2\/tags?post=8256"}],"curies":[{"name":"wp","href":"https:\/\/api.w.org\/{rel}","templated":true}]}}