{"id":8198,"date":"2019-09-27T19:37:14","date_gmt":"2019-09-27T17:37:14","guid":{"rendered":"http:\/\/agora.xtec.cat\/ceipramonestadella\/?p=8198"},"modified":"2019-09-27T19:37:28","modified_gmt":"2019-09-27T17:37:28","slug":"divendres-pel-futur-salvem-el-planeta","status":"publish","type":"post","link":"https:\/\/agora.xtec.cat\/ceipramonestadella\/general\/divendres-pel-futur-salvem-el-planeta\/","title":{"rendered":"Divendres pel futur, salvem el planeta"},"content":{"rendered":"<p>Aquest mat\u00ed l&#8217;Escola Ramon Estadella ens hem unit a la campanya mundial <strong><span style=\"color: #ff0000;\">&#8220;Divendres pel futur&#8221;.<\/span><\/strong><\/p>\n<p>La campanya defensa el futur d\u2019un planeta viu i d\u2019un m\u00f3n just. Demanem que es declari de manera immediata <span style=\"color: #ff0000;\">l\u2019emerg\u00e8ncia clim\u00e0tica<\/span> i es prenguin les mesures concretes necess\u00e0ries per reduir r\u00e0pidament a <span style=\"color: #ff0000;\">zero les emissions<\/span> <span style=\"color: #ff0000;\">netes de gasos d\u2019efecte hivernacle<\/span>. Tamb\u00e9 exigim un nou<span style=\"color: #ff0000;\"> model socioecol\u00f2gic<\/span> que no comprometi la superviv\u00e8ncia de la vida tal com la coneixem.<\/p>\n<p style=\"text-align: center;\"><strong>STOP CANVI CLIM\u00c0TIC!!!!!!!<\/strong><\/p>\n<p style=\"text-align: center;\"><strong>FRIDAYS FOR FUTURE!!!!<\/strong><\/p>\n<p><a href=\"https:\/\/agora.xtec.cat\/ceipramonestadella\/wp-content\/uploads\/usu385\/2019\/09\/FOTO-FINAL-reduida.jpg\"><img loading=\"lazy\" decoding=\"async\" class=\"aligncenter size-large wp-image-8199\" src=\"https:\/\/agora.xtec.cat\/ceipramonestadella\/wp-content\/uploads\/usu385\/2019\/09\/FOTO-FINAL-reduida-1024x759.jpg\" alt=\"\" width=\"1024\" height=\"759\" srcset=\"https:\/\/agora.xtec.cat\/ceipramonestadella\/wp-content\/uploads\/usu385\/2019\/09\/FOTO-FINAL-reduida-1024x759.jpg 1024w, https:\/\/agora.xtec.cat\/ceipramonestadella\/wp-content\/uploads\/usu385\/2019\/09\/FOTO-FINAL-reduida-300x222.jpg 300w, https:\/\/agora.xtec.cat\/ceipramonestadella\/wp-content\/uploads\/usu385\/2019\/09\/FOTO-FINAL-reduida-768x569.jpg 768w\" sizes=\"auto, (max-width: 1024px) 100vw, 1024px\" \/><\/a><\/p>\n<p>&nbsp;<\/p>\n","protected":false},"excerpt":{"rendered":"<p>Aquest mat\u00ed l&#8217;Escola Ramon Estadella ens hem unit a la campanya mundial &#8220;Divendres pel futur&#8221;.<br \/>\nLa campanya defensa el futur d\u2019un planeta viu i d\u2019un m\u00f3n just. Demanem que es declari de manera immediata l\u2019emerg\u00e8ncia clim\u00e0tica i es prenguin les mesures concretes necess\u00e0ries per reduir r\u00e0pidament&hellip;  <a href=\"https:\/\/agora.xtec.cat\/ceipramonestadella\/general\/divendres-pel-futur-salvem-el-planeta\/\" title=\"Read Divendres pel futur, salvem el planeta\">Llegeix m\u00e9s\u00bb<\/a><\/p>\n","protected":false},"author":9,"featured_media":0,"comment_status":"open","ping_status":"closed","sticky":false,"template":"","format":"standard","meta":{"_bbp_topic_count":0,"_bbp_reply_count":0,"_bbp_total_topic_count":0,"_bbp_total_reply_count":0,"_bbp_voice_count":0,"_bbp_anonymous_reply_count":0,"_bbp_topic_count_hidden":0,"_bbp_reply_count_hidden":0,"_bbp_forum_subforum_count":0,"footnotes":""},"categories":[1],"tags":[391],"class_list":["post-8198","post","type-post","status-publish","format-standard","hentry","category-general","tag-general"],"post_mailing_queue_ids":[],"_links":{"self":[{"href":"https:\/\/agora.xtec.cat\/ceipramonestadella\/wp-json\/wp\/v2\/posts\/8198","targetHints":{"allow":["GET"]}}],"collection":[{"href":"https:\/\/agora.xtec.cat\/ceipramonestadella\/wp-json\/wp\/v2\/posts"}],"about":[{"href":"https:\/\/agora.xtec.cat\/ceipramonestadella\/wp-json\/wp\/v2\/types\/post"}],"author":[{"embeddable":true,"href":"https:\/\/agora.xtec.cat\/ceipramonestadella\/wp-json\/wp\/v2\/users\/9"}],"replies":[{"embeddable":true,"href":"https:\/\/agora.xtec.cat\/ceipramonestadella\/wp-json\/wp\/v2\/comments?post=8198"}],"version-history":[{"count":2,"href":"https:\/\/agora.xtec.cat\/ceipramonestadella\/wp-json\/wp\/v2\/posts\/8198\/revisions"}],"predecessor-version":[{"id":8201,"href":"https:\/\/agora.xtec.cat\/ceipramonestadella\/wp-json\/wp\/v2\/posts\/8198\/revisions\/8201"}],"wp:attachment":[{"href":"https:\/\/agora.xtec.cat\/ceipramonestadella\/wp-json\/wp\/v2\/media?parent=8198"}],"wp:term":[{"taxonomy":"category","embeddable":true,"href":"https:\/\/agora.xtec.cat\/ceipramonestadella\/wp-json\/wp\/v2\/categories?post=8198"},{"taxonomy":"post_tag","embeddable":true,"href":"https:\/\/agora.xtec.cat\/ceipramonestadella\/wp-json\/wp\/v2\/tags?post=8198"}],"curies":[{"name":"wp","href":"https:\/\/api.w.org\/{rel}","templated":true}]}}