{"id":13357,"date":"2026-04-23T16:30:07","date_gmt":"2026-04-23T14:30:07","guid":{"rendered":"https:\/\/agora.xtec.cat\/ceipramonestadella\/?p=13357"},"modified":"2026-04-23T12:21:00","modified_gmt":"2026-04-23T10:21:00","slug":"diada-de-sant-jordi","status":"publish","type":"post","link":"https:\/\/agora.xtec.cat\/ceipramonestadella\/general\/diada-de-sant-jordi\/","title":{"rendered":"DIADA DE SANT JORDI"},"content":{"rendered":"<div class=\"\" data-turn-id-container=\"request-WEB:9f48126d-b453-4556-9719-c84c703f5de1-1\" data-is-intersecting=\"true\">\n<section class=\"text-token-text-primary w-full focus:outline-none [--shadow-height:45px] has-data-writing-block:pointer-events-none has-data-writing-block:-mt-(--shadow-height) has-data-writing-block:pt-(--shadow-height) [&amp;:has([data-writing-block])&gt;*]:pointer-events-auto R6Vx5W_threadScrollVars scroll-mb-[calc(var(--scroll-root-safe-area-inset-bottom,0px)+var(--thread-response-height))] scroll-mt-[calc(var(--header-height)+min(200px,max(70px,20svh)))]\" dir=\"auto\" data-turn-id=\"request-WEB:9f48126d-b453-4556-9719-c84c703f5de1-1\" data-testid=\"conversation-turn-4\" data-scroll-anchor=\"false\" data-turn=\"assistant\">\n<div class=\"text-base my-auto mx-auto pb-10 [--thread-content-margin:var(--thread-content-margin-xs,calc(var(--spacing)*4))] @w-sm\/main:[--thread-content-margin:var(--thread-content-margin-sm,calc(var(--spacing)*6))] @w-lg\/main:[--thread-content-margin:var(--thread-content-margin-lg,calc(var(--spacing)*16))] px-(--thread-content-margin)\">\n<div class=\"[--thread-content-max-width:40rem] @w-lg\/main:[--thread-content-max-width:48rem] mx-auto max-w-(--thread-content-max-width) flex-1 group\/turn-messages focus-visible:outline-hidden relative flex w-full min-w-0 flex-col agent-turn\">\n<div class=\"flex max-w-full flex-col gap-4 grow\">\n<div class=\"min-h-8 text-message relative flex w-full flex-col items-end gap-2 text-start break-words whitespace-normal outline-none keyboard-focused:focus-ring [.text-message+&amp;]:mt-1\" dir=\"auto\" tabindex=\"0\" data-message-author-role=\"assistant\" data-message-id=\"09ea7359-8243-4fc0-aec0-7c3e690fcd02\" data-message-model-slug=\"gpt-5-3\" data-turn-start-message=\"true\">\n<div class=\"flex w-full flex-col gap-1 empty:hidden\">\n<div class=\"markdown prose dark:prose-invert w-full wrap-break-word light markdown-new-styling\">\n<p data-start=\"0\" data-end=\"34\"><strong data-start=\"0\" data-end=\"34\">Diada de Sant Jordi a l\u2019escola<\/strong><\/p>\n<\/div>\n<\/div>\n<p data-start=\"0\" data-end=\"34\"><img loading=\"lazy\" decoding=\"async\" class=\"alignnone size-large wp-image-13359\" src=\"https:\/\/agora.xtec.cat\/ceipramonestadella\/wp-content\/uploads\/usu385\/2026\/04\/WhatsApp-Image-2026-04-23-at-10.18.40-1024x771.jpeg\" alt=\"\" width=\"1024\" height=\"771\" srcset=\"https:\/\/agora.xtec.cat\/ceipramonestadella\/wp-content\/uploads\/usu385\/2026\/04\/WhatsApp-Image-2026-04-23-at-10.18.40-1024x771.jpeg 1024w, https:\/\/agora.xtec.cat\/ceipramonestadella\/wp-content\/uploads\/usu385\/2026\/04\/WhatsApp-Image-2026-04-23-at-10.18.40-300x226.jpeg 300w, https:\/\/agora.xtec.cat\/ceipramonestadella\/wp-content\/uploads\/usu385\/2026\/04\/WhatsApp-Image-2026-04-23-at-10.18.40-768x578.jpeg 768w, https:\/\/agora.xtec.cat\/ceipramonestadella\/wp-content\/uploads\/usu385\/2026\/04\/WhatsApp-Image-2026-04-23-at-10.18.40-1536x1157.jpeg 1536w, https:\/\/agora.xtec.cat\/ceipramonestadella\/wp-content\/uploads\/usu385\/2026\/04\/WhatsApp-Image-2026-04-23-at-10.18.40-200x150.jpeg 200w, https:\/\/agora.xtec.cat\/ceipramonestadella\/wp-content\/uploads\/usu385\/2026\/04\/WhatsApp-Image-2026-04-23-at-10.18.40.jpeg 2016w\" sizes=\"auto, (max-width: 1024px) 100vw, 1024px\" \/><\/p>\n<div class=\"flex w-full flex-col gap-1 empty:hidden\">\n<div class=\"markdown prose dark:prose-invert w-full wrap-break-word light markdown-new-styling\">\n<p data-start=\"36\" data-end=\"165\">Avui hem celebrat la diada de <strong data-start=\"66\" data-end=\"107\"><span class=\"hover:entity-accent entity-underline inline cursor-pointer align-baseline\"><span class=\"whitespace-normal\">Sant Jordi<\/span><\/span><\/strong> i ha estat una jornada ben especial i plena d\u2019activitats.<\/p>\n<p data-start=\"167\" data-end=\"466\">Al mat\u00ed hem sortit a visitar les parades del poble. Durant el recorregut hem passat per la parada dels nostres companys i companyes de 6\u00e8, que venien roses i clauers de l\u2019escola. Tamb\u00e9 hem aprofitat per comprar un llibre per a cada curs a la llibreria del poble, per ampliar les biblioteques d\u2019aula.<\/p>\n<p data-start=\"468\" data-end=\"640\">A m\u00e9s, l\u2019alumnat de 2n ha participat en una activitat del Pla Educatiu d\u2019Entorn per veure com havia quedat el conte elaborat conjuntament per totes les escoles de Guissona.<\/p>\n<p data-start=\"642\" data-end=\"1049\">A la tarda hem continuat la celebraci\u00f3 a l\u2019escola. Els infants d\u2019I5 han representat la llegenda de Sant Jordi amb una petita obra de teatre que ens ha fet gaudir molt. Tot seguit, els guanyadors i guanyadores del <strong data-start=\"855\" data-end=\"896\"><span class=\"hover:entity-accent entity-underline inline cursor-pointer align-baseline\"><span class=\"whitespace-normal\">Premi Jordi P\u00e0mias<\/span><\/span><\/strong> de 2n, 4t i 6\u00e8 han llegit els seus poemes davant de tots els companys i companyes. Tamb\u00e9 hem fet entrega dels premis del concurs de dibuix de cada curs.<\/p>\n<p data-start=\"1051\" data-end=\"1117\">Ha estat un dia molt divertit, ple de cultura, llibres i tradici\u00f3!<\/p>\n<p data-start=\"1119\" data-end=\"1272\" data-is-last-node=\"\" data-is-only-node=\"\">Podeu veure m\u00e9s fotografies de la jornada al seg\u00fcent enlla\u00e7 (cal introduir la contrasenya):<br data-start=\"1210\" data-end=\"1213\" \/><a class=\"decorated-link\" href=\"https:\/\/agora.xtec.cat\/ceipramonestadella\/fotos-curs-25-26\/\" target=\"_new\" rel=\"noopener\" data-start=\"1213\" data-end=\"1272\" data-is-last-node=\"\">https:\/\/agora.xtec.cat\/ceipramonestadella\/fotos-curs-25-26\/<\/a><\/p>\n<\/div>\n<\/div>\n<\/div>\n<\/div>\n<div class=\"z-0 flex min-h-[46px] justify-start\"><\/div>\n<div class=\"mt-3 w-full empty:hidden\">\n<div class=\"text-center\"><\/div>\n<\/div>\n<\/div>\n<\/div>\n<\/section>\n<\/div>\n<div class=\"pointer-events-none -mt-px h-px translate-y-[calc(var(--scroll-root-safe-area-inset-bottom)-14*var(--spacing))]\" aria-hidden=\"true\"><\/div>\n","protected":false},"excerpt":{"rendered":"<p>Diada de Sant Jordi a l\u2019escola<\/p>\n<p>Avui hem celebrat la diada de Sant Jordi i ha estat una jornada ben especial i plena d\u2019activitats.<br \/>\nAl mat\u00ed hem sortit a visitar les parades del poble. Durant el recorregut hem passat per la parada dels nostres companys i companyes&hellip;  <a href=\"https:\/\/agora.xtec.cat\/ceipramonestadella\/general\/diada-de-sant-jordi\/\" title=\"Read DIADA DE SANT JORDI\">Llegeix m\u00e9s\u00bb<\/a><\/p>\n","protected":false},"author":1,"featured_media":0,"comment_status":"open","ping_status":"open","sticky":false,"template":"","format":"standard","meta":{"_bbp_topic_count":0,"_bbp_reply_count":0,"_bbp_total_topic_count":0,"_bbp_total_reply_count":0,"_bbp_voice_count":0,"_bbp_anonymous_reply_count":0,"_bbp_topic_count_hidden":0,"_bbp_reply_count_hidden":0,"_bbp_forum_subforum_count":0,"footnotes":""},"categories":[1],"tags":[1087,1086,1085,627],"class_list":["post-13357","post","type-post","status-publish","format-standard","hentry","category-general","tag-1087","tag-dia-del-llibre","tag-diada","tag-sant-jordi"],"post_mailing_queue_ids":[],"_links":{"self":[{"href":"https:\/\/agora.xtec.cat\/ceipramonestadella\/wp-json\/wp\/v2\/posts\/13357","targetHints":{"allow":["GET"]}}],"collection":[{"href":"https:\/\/agora.xtec.cat\/ceipramonestadella\/wp-json\/wp\/v2\/posts"}],"about":[{"href":"https:\/\/agora.xtec.cat\/ceipramonestadella\/wp-json\/wp\/v2\/types\/post"}],"author":[{"embeddable":true,"href":"https:\/\/agora.xtec.cat\/ceipramonestadella\/wp-json\/wp\/v2\/users\/1"}],"replies":[{"embeddable":true,"href":"https:\/\/agora.xtec.cat\/ceipramonestadella\/wp-json\/wp\/v2\/comments?post=13357"}],"version-history":[{"count":1,"href":"https:\/\/agora.xtec.cat\/ceipramonestadella\/wp-json\/wp\/v2\/posts\/13357\/revisions"}],"predecessor-version":[{"id":13360,"href":"https:\/\/agora.xtec.cat\/ceipramonestadella\/wp-json\/wp\/v2\/posts\/13357\/revisions\/13360"}],"wp:attachment":[{"href":"https:\/\/agora.xtec.cat\/ceipramonestadella\/wp-json\/wp\/v2\/media?parent=13357"}],"wp:term":[{"taxonomy":"category","embeddable":true,"href":"https:\/\/agora.xtec.cat\/ceipramonestadella\/wp-json\/wp\/v2\/categories?post=13357"},{"taxonomy":"post_tag","embeddable":true,"href":"https:\/\/agora.xtec.cat\/ceipramonestadella\/wp-json\/wp\/v2\/tags?post=13357"}],"curies":[{"name":"wp","href":"https:\/\/api.w.org\/{rel}","templated":true}]}}