{"id":13297,"date":"2026-01-29T15:48:02","date_gmt":"2026-01-29T14:48:02","guid":{"rendered":"https:\/\/agora.xtec.cat\/ceipramonestadella\/?p=13297"},"modified":"2026-01-29T15:48:02","modified_gmt":"2026-01-29T14:48:02","slug":"entrevistem-a-lemprenedor-jaume-vila","status":"publish","type":"post","link":"https:\/\/agora.xtec.cat\/ceipramonestadella\/general\/cicle-superior\/entrevistem-a-lemprenedor-jaume-vila\/","title":{"rendered":"Entrevistem a l&#8217;emprenedor Jaume Vil\u00e0"},"content":{"rendered":"<p align=\"justify\"><span style=\"font-size: medium;\"><span lang=\"ca-ES\">Aquest dimarts<\/span><\/span><span style=\"font-size: medium;\"><span lang=\"ca-ES\">, l\u2019alumnat de <\/span><\/span><span style=\"font-size: medium;\"><span lang=\"ca-ES\">6\u00e8 A<\/span><\/span><span style=\"font-size: medium;\"><span lang=\"ca-ES\"> va tenir l\u2019oportunitat d\u2019entrevistar <\/span><\/span><span style=\"font-size: medium;\"><span lang=\"ca-ES\">Jaume Vil\u00e0<\/span><\/span><span style=\"font-size: medium;\"><span lang=\"ca-ES\">, ferrer del poble de <\/span><\/span><span style=\"font-size: medium;\"><span lang=\"ca-ES\">Guissona<\/span><\/span><span style=\"font-size: medium;\"><span lang=\"ca-ES\"> i pare d\u2019una alumna de la classe. Aquesta proximitat va fer que l\u2019entrevista fos encara m\u00e9s interessant i propera.<\/span><\/span><\/p>\n<p align=\"justify\">Jaume Vil\u00e0 ens va explicar que \u00e9s ferrer i que el seu ofici consisteix principalment a treballar el ferro i soldar. Tamb\u00e9 es dedica a la fabricaci\u00f3 de portes i finestres, entre altres treballs relacionats amb estructures met\u00e0l\u00b7liques. A m\u00e9s, ens va parlar del seu taller que disposa d\u2019una cinta transportadora. Ara, l\u2019alumnat ja sap que \u00e9s un sistema que va penjat, un pont grua, que \u00e9s una estructura gran que aixeca i despla\u00e7a peces pensats, com el ferro. Aix\u00f2, li permet poder treballar-lo millor.<\/p>\n<p align=\"justify\">L\u2019entrevista va ser molt interessant, ja que ens va portar alguns materials i eines amb els quals treballa habitualment, cosa que ens va permetre entendre millor com \u00e9s el seu ofici. Ha estat una experi\u00e8ncia molt enriquidora que ens ha ajudat a aprendre m\u00e9s sobre el treball d\u2019ofici i la import\u00e0ncia de l\u2019esfor\u00e7 i la dedicaci\u00f3.<\/p>\n<p align=\"justify\"><a href=\"https:\/\/agora.xtec.cat\/ceipramonestadella\/wp-content\/uploads\/usu385\/2026\/01\/Entrevista.jpg\"><img loading=\"lazy\" decoding=\"async\" class=\"alignnone  wp-image-13298\" src=\"https:\/\/agora.xtec.cat\/ceipramonestadella\/wp-content\/uploads\/usu385\/2026\/01\/Entrevista.jpg\" alt=\"\" width=\"385\" height=\"256\" srcset=\"https:\/\/agora.xtec.cat\/ceipramonestadella\/wp-content\/uploads\/usu385\/2026\/01\/Entrevista.jpg 1536w, https:\/\/agora.xtec.cat\/ceipramonestadella\/wp-content\/uploads\/usu385\/2026\/01\/Entrevista-300x199.jpg 300w, https:\/\/agora.xtec.cat\/ceipramonestadella\/wp-content\/uploads\/usu385\/2026\/01\/Entrevista-1024x679.jpg 1024w, https:\/\/agora.xtec.cat\/ceipramonestadella\/wp-content\/uploads\/usu385\/2026\/01\/Entrevista-768x510.jpg 768w\" sizes=\"auto, (max-width: 385px) 100vw, 385px\" \/><\/a><\/p>\n<p align=\"justify\">Moltes gr\u00e0cies, Jaume, per la teva visita i per compartir amb nosaltres la teva experi\u00e8ncia!<\/p>\n","protected":false},"excerpt":{"rendered":"<p>Aquest dimarts, l\u2019alumnat de 6\u00e8 A va tenir l\u2019oportunitat d\u2019entrevistar Jaume Vil\u00e0, ferrer del poble de Guissona i pare d\u2019una alumna de la classe. Aquesta proximitat va fer que l\u2019entrevista fos encara m\u00e9s interessant i propera.<br \/>\nJaume Vil\u00e0 ens va explicar que \u00e9s ferrer i que&hellip;  <a href=\"https:\/\/agora.xtec.cat\/ceipramonestadella\/general\/cicle-superior\/entrevistem-a-lemprenedor-jaume-vila\/\" title=\"Read Entrevistem a l&#8217;emprenedor Jaume Vil\u00e0\">Llegeix m\u00e9s\u00bb<\/a><\/p>\n","protected":false},"author":1,"featured_media":0,"comment_status":"open","ping_status":"open","sticky":false,"template":"","format":"standard","meta":{"_bbp_topic_count":0,"_bbp_reply_count":0,"_bbp_total_topic_count":0,"_bbp_total_reply_count":0,"_bbp_voice_count":0,"_bbp_anonymous_reply_count":0,"_bbp_topic_count_hidden":0,"_bbp_reply_count_hidden":0,"_bbp_forum_subforum_count":0,"footnotes":""},"categories":[390,245],"tags":[],"class_list":["post-13297","post","type-post","status-publish","format-standard","hentry","category-6e","category-cicle-superior"],"post_mailing_queue_ids":[],"_links":{"self":[{"href":"https:\/\/agora.xtec.cat\/ceipramonestadella\/wp-json\/wp\/v2\/posts\/13297","targetHints":{"allow":["GET"]}}],"collection":[{"href":"https:\/\/agora.xtec.cat\/ceipramonestadella\/wp-json\/wp\/v2\/posts"}],"about":[{"href":"https:\/\/agora.xtec.cat\/ceipramonestadella\/wp-json\/wp\/v2\/types\/post"}],"author":[{"embeddable":true,"href":"https:\/\/agora.xtec.cat\/ceipramonestadella\/wp-json\/wp\/v2\/users\/1"}],"replies":[{"embeddable":true,"href":"https:\/\/agora.xtec.cat\/ceipramonestadella\/wp-json\/wp\/v2\/comments?post=13297"}],"version-history":[{"count":1,"href":"https:\/\/agora.xtec.cat\/ceipramonestadella\/wp-json\/wp\/v2\/posts\/13297\/revisions"}],"predecessor-version":[{"id":13299,"href":"https:\/\/agora.xtec.cat\/ceipramonestadella\/wp-json\/wp\/v2\/posts\/13297\/revisions\/13299"}],"wp:attachment":[{"href":"https:\/\/agora.xtec.cat\/ceipramonestadella\/wp-json\/wp\/v2\/media?parent=13297"}],"wp:term":[{"taxonomy":"category","embeddable":true,"href":"https:\/\/agora.xtec.cat\/ceipramonestadella\/wp-json\/wp\/v2\/categories?post=13297"},{"taxonomy":"post_tag","embeddable":true,"href":"https:\/\/agora.xtec.cat\/ceipramonestadella\/wp-json\/wp\/v2\/tags?post=13297"}],"curies":[{"name":"wp","href":"https:\/\/api.w.org\/{rel}","templated":true}]}}