{"id":13256,"date":"2025-11-15T20:38:35","date_gmt":"2025-11-15T19:38:35","guid":{"rendered":"https:\/\/agora.xtec.cat\/ceipramonestadella\/?p=13256"},"modified":"2025-11-15T20:47:06","modified_gmt":"2025-11-15T19:47:06","slug":"projecte-fer-futurs-emprenedors-rurals","status":"publish","type":"post","link":"https:\/\/agora.xtec.cat\/ceipramonestadella\/general\/cicle-superior\/5e\/projecte-fer-futurs-emprenedors-rurals\/","title":{"rendered":"PROJECTE FER (Futurs Emprenedors Rurals)"},"content":{"rendered":"<p><img loading=\"lazy\" decoding=\"async\" class=\"\" src=\"https:\/\/serveiseducatius.xtec.cat\/terraalta\/wp-content\/uploads\/usu1128\/2020\/10\/1-2.png\" alt=\"Futurs emprenedors rurals. L'aventura de la FER \u2013 Servei Educatiu de la Terra Alta\" width=\"224\" height=\"224\" \/><\/p>\n<p>A cicle superior treballem el <strong>projecte FER (Futurs Emprenedors Rurals)<\/strong>, una iniciativa que pret\u00e9n apropar l\u2019alumnat al m\u00f3n de l\u2019emprenedoria d\u2019una manera significativa, creativa i adaptada al nostre entorn.<\/p>\n<p>A <strong>5\u00e8<\/strong>, l\u2019alumnat treballa la part m\u00e9s <strong>te\u00f2rica<\/strong>, tot descobrint com funcionen les empreses a trav\u00e9s de lectures, casos reals i activitats d\u2019an\u00e0lisi.<\/p>\n<p>A <strong>6\u00e8<\/strong>, l\u2019experi\u00e8ncia es torna <strong>pr\u00e0ctica i passen a l\u2019acci\u00f3! <\/strong>Organitzats en grups de quatre, \u00a0dissenyen i <strong>creen la seva pr\u00f2pia empresa<\/strong>, seguint un proc\u00e9s pas a pas. Durant el curs prenen decisions, planifiquen, dissenyen productes o serveis i viuen de primera m\u00e0 qu\u00e8 significa emprendre.<\/p>\n<p>El projecte culmina a final de curs amb la <strong>Fira FER<\/strong>, una trobada on alumnes de diferents escoles participants tenen l\u2019oportunitat de presentar, donar a con\u00e8ixer i <strong>promocionar la seva empresa<\/strong>. \u00c9s un moment molt especial que els permet compartir l\u2019esfor\u00e7 i la creativitat dedicada en aquest projecte.<\/p>\n<p>Com cada any, ens fa molta il\u00b7lusi\u00f3 participar-hi, us anirem informant de les novetats i del proc\u00e9s de creaci\u00f3 de les seves empreses!<\/p>\n","protected":false},"excerpt":{"rendered":"<p>A cicle superior treballem el projecte FER (Futurs Emprenedors Rurals), una iniciativa que pret\u00e9n apropar l\u2019alumnat al m\u00f3n de l\u2019emprenedoria d\u2019una manera significativa, creativa i adaptada al nostre entorn.<br \/>\nA 5\u00e8, l\u2019alumnat treballa la part m\u00e9s te\u00f2rica, tot descobrint com funcionen les empreses a trav\u00e9s de&hellip;  <a href=\"https:\/\/agora.xtec.cat\/ceipramonestadella\/general\/cicle-superior\/5e\/projecte-fer-futurs-emprenedors-rurals\/\" title=\"Read PROJECTE FER (Futurs Emprenedors Rurals)\">Llegeix m\u00e9s\u00bb<\/a><\/p>\n","protected":false},"author":1,"featured_media":0,"comment_status":"open","ping_status":"open","sticky":false,"template":"","format":"standard","meta":{"_bbp_topic_count":0,"_bbp_reply_count":0,"_bbp_total_topic_count":0,"_bbp_total_reply_count":0,"_bbp_voice_count":0,"_bbp_anonymous_reply_count":0,"_bbp_topic_count_hidden":0,"_bbp_reply_count_hidden":0,"_bbp_forum_subforum_count":0,"footnotes":""},"categories":[389,390,507],"tags":[],"class_list":["post-13256","post","type-post","status-publish","format-standard","hentry","category-5e","category-6e","category-cicle-superior-2"],"post_mailing_queue_ids":[],"_links":{"self":[{"href":"https:\/\/agora.xtec.cat\/ceipramonestadella\/wp-json\/wp\/v2\/posts\/13256","targetHints":{"allow":["GET"]}}],"collection":[{"href":"https:\/\/agora.xtec.cat\/ceipramonestadella\/wp-json\/wp\/v2\/posts"}],"about":[{"href":"https:\/\/agora.xtec.cat\/ceipramonestadella\/wp-json\/wp\/v2\/types\/post"}],"author":[{"embeddable":true,"href":"https:\/\/agora.xtec.cat\/ceipramonestadella\/wp-json\/wp\/v2\/users\/1"}],"replies":[{"embeddable":true,"href":"https:\/\/agora.xtec.cat\/ceipramonestadella\/wp-json\/wp\/v2\/comments?post=13256"}],"version-history":[{"count":2,"href":"https:\/\/agora.xtec.cat\/ceipramonestadella\/wp-json\/wp\/v2\/posts\/13256\/revisions"}],"predecessor-version":[{"id":13258,"href":"https:\/\/agora.xtec.cat\/ceipramonestadella\/wp-json\/wp\/v2\/posts\/13256\/revisions\/13258"}],"wp:attachment":[{"href":"https:\/\/agora.xtec.cat\/ceipramonestadella\/wp-json\/wp\/v2\/media?parent=13256"}],"wp:term":[{"taxonomy":"category","embeddable":true,"href":"https:\/\/agora.xtec.cat\/ceipramonestadella\/wp-json\/wp\/v2\/categories?post=13256"},{"taxonomy":"post_tag","embeddable":true,"href":"https:\/\/agora.xtec.cat\/ceipramonestadella\/wp-json\/wp\/v2\/tags?post=13256"}],"curies":[{"name":"wp","href":"https:\/\/api.w.org\/{rel}","templated":true}]}}