{"id":12868,"date":"2024-01-31T17:04:10","date_gmt":"2024-01-31T16:04:10","guid":{"rendered":"https:\/\/agora.xtec.cat\/ceipramonestadella\/?p=12868"},"modified":"2024-01-31T17:18:55","modified_gmt":"2024-01-31T16:18:55","slug":"dia-escolar-de-la-no-violencia-i-la-pau","status":"publish","type":"post","link":"https:\/\/agora.xtec.cat\/ceipramonestadella\/general\/dia-escolar-de-la-no-violencia-i-la-pau\/","title":{"rendered":"Dia escolar de la No-viol\u00e8ncia i la Pau"},"content":{"rendered":"<p class=\"p1\"><span class=\"s1\"><a href=\"https:\/\/agora.xtec.cat\/ceipramonestadella\/wp-content\/uploads\/usu385\/2024\/01\/Unknown.png\"><img loading=\"lazy\" decoding=\"async\" class=\"aligncenter size-full wp-image-12876\" src=\"https:\/\/agora.xtec.cat\/ceipramonestadella\/wp-content\/uploads\/usu385\/2024\/01\/Unknown.png\" alt=\"\" width=\"266\" height=\"189\" \/><\/a>El dimarts 30 de gener, com ja sabeu, va ser el Dia Escolar de la No-Viol\u00e8ncia i\u00a0de la PAU (DENIP), dedicat a l\u2019educaci\u00f3 en i per a la toler\u00e0ncia, la solidaritat, la conc\u00f2rdia, el respecte als Drets Humans\u2026<\/span><\/p>\n<p class=\"p1\"><span class=\"s1\">\u00c9s per aix\u00f2 que a l\u2019escola tamb\u00e9 hem volgut celebrar-ho dins i fora de la classe amb un munt d\u2019activitats.<\/span><\/p>\n<p class=\"p1\"><span class=\"s1\">La primera va ser el divendres 26 de gener, on tots els i les alumnes\/mestres de l\u2019escola vam participar a la cursa solid\u00e0ria de Save the Children. Gr\u00e0cies als <\/span><span class=\"s2\">Kil\u00f2metres de Solidari<\/span><span class=\"s1\">tat, els infants coneixen altres realitats i donen veu a les desigualtats i injust\u00edcies viscudes pels nens i nenes d\u2019arreu del planeta.<\/span><\/p>\n<p class=\"p1\"><span class=\"s1\">I la resta d&#8217;activitats es van fer durant el dimecres dia 30, on vam sortir al pati des dels m\u00e9s petits als m\u00e9s grans a cantar tots junts una can\u00e7\u00f3 de la pau, tamb\u00e9 vam explicar contes, vam fer coloms de pau, vam compartir estones de reflexi\u00f3 i de conversa\u2026<\/span><\/p>\n<p class=\"p1\"><span class=\"s1\">Van ser uns dies plens d\u2019emocions on es respirava PAU i AMOR! <\/span><\/p>\n<p class=\"p1\"><span class=\"s1\">Us deixem algunes imatges\u2026 <\/span><\/p>\n<p>https:\/\/drive.google.com\/drive\/folders\/103oCID1uYlT_JJDBZbKrK1tnZsuJEk7N?usp=drive_link<\/p>\n<p>&nbsp;<\/p>\n","protected":false},"excerpt":{"rendered":"<p><a href=\"https:\/\/agora.xtec.cat\/ceipramonestadella\/wp-content\/uploads\/usu385\/2024\/01\/Unknown.png\"><\/a>El dimarts 30 de gener, com ja sabeu, va ser el Dia Escolar de la No-Viol\u00e8ncia i\u00a0de la PAU (DENIP), dedicat a l\u2019educaci\u00f3 en i per a la toler\u00e0ncia, la solidaritat, la conc\u00f2rdia, el respecte als Drets Humans\u2026<br \/>\n\u00c9s per aix\u00f2 que a l\u2019escola tamb\u00e9&hellip;  <a href=\"https:\/\/agora.xtec.cat\/ceipramonestadella\/general\/dia-escolar-de-la-no-violencia-i-la-pau\/\" title=\"Read Dia escolar de la No-viol\u00e8ncia i la Pau\">Llegeix m\u00e9s\u00bb<\/a><\/p>\n","protected":false},"author":1,"featured_media":0,"comment_status":"open","ping_status":"closed","sticky":false,"template":"","format":"standard","meta":{"_bbp_topic_count":0,"_bbp_reply_count":0,"_bbp_total_topic_count":0,"_bbp_total_reply_count":0,"_bbp_voice_count":0,"_bbp_anonymous_reply_count":0,"_bbp_topic_count_hidden":0,"_bbp_reply_count_hidden":0,"_bbp_forum_subforum_count":0,"footnotes":""},"categories":[1],"tags":[],"class_list":["post-12868","post","type-post","status-publish","format-standard","hentry","category-general"],"post_mailing_queue_ids":[],"_links":{"self":[{"href":"https:\/\/agora.xtec.cat\/ceipramonestadella\/wp-json\/wp\/v2\/posts\/12868","targetHints":{"allow":["GET"]}}],"collection":[{"href":"https:\/\/agora.xtec.cat\/ceipramonestadella\/wp-json\/wp\/v2\/posts"}],"about":[{"href":"https:\/\/agora.xtec.cat\/ceipramonestadella\/wp-json\/wp\/v2\/types\/post"}],"author":[{"embeddable":true,"href":"https:\/\/agora.xtec.cat\/ceipramonestadella\/wp-json\/wp\/v2\/users\/1"}],"replies":[{"embeddable":true,"href":"https:\/\/agora.xtec.cat\/ceipramonestadella\/wp-json\/wp\/v2\/comments?post=12868"}],"version-history":[{"count":6,"href":"https:\/\/agora.xtec.cat\/ceipramonestadella\/wp-json\/wp\/v2\/posts\/12868\/revisions"}],"predecessor-version":[{"id":12877,"href":"https:\/\/agora.xtec.cat\/ceipramonestadella\/wp-json\/wp\/v2\/posts\/12868\/revisions\/12877"}],"wp:attachment":[{"href":"https:\/\/agora.xtec.cat\/ceipramonestadella\/wp-json\/wp\/v2\/media?parent=12868"}],"wp:term":[{"taxonomy":"category","embeddable":true,"href":"https:\/\/agora.xtec.cat\/ceipramonestadella\/wp-json\/wp\/v2\/categories?post=12868"},{"taxonomy":"post_tag","embeddable":true,"href":"https:\/\/agora.xtec.cat\/ceipramonestadella\/wp-json\/wp\/v2\/tags?post=12868"}],"curies":[{"name":"wp","href":"https:\/\/api.w.org\/{rel}","templated":true}]}}