{"id":12850,"date":"2023-11-24T19:18:50","date_gmt":"2023-11-24T18:18:50","guid":{"rendered":"https:\/\/agora.xtec.cat\/ceipramonestadella\/?p=12850"},"modified":"2023-11-24T19:20:44","modified_gmt":"2023-11-24T18:20:44","slug":"25n-dia-internacional-de-leliminacio-de-la-violencia-contra-les-dones","status":"publish","type":"post","link":"https:\/\/agora.xtec.cat\/ceipramonestadella\/general\/25n-dia-internacional-de-leliminacio-de-la-violencia-contra-les-dones\/","title":{"rendered":"25N &#8211; Dia Internacional de l&#8217;eliminaci\u00f3 de la viol\u00e8ncia contra les dones."},"content":{"rendered":"<p>Avui a l\u2019escola hem celebrat anticipadament la diada del 25N \u2022 Dia internacional de l\u2019eliminaci\u00f3 de la viol\u00e8ncia contra les dones. Hem gaudit de diverses activitats i tallers de comprensi\u00f3, reflexi\u00f3 i sensibilitzaci\u00f3, acabant el mat\u00ed amb la lectura del manifest que ha preparat l&#8217;alumnat de 6\u00e8.<\/p>\n<p>Us deixem un recull de <a href=\"https:\/\/drive.google.com\/drive\/folders\/1-rQvkHwyD8PgnhAbwDYTllKHwO75Q3yO?usp=drive_link\">fotos i v\u00eddeos<\/a> de les activitats que hem fet al llarg del mat\u00ed. Esperem que us agradi!<\/p>\n<p><a href=\"https:\/\/agora.xtec.cat\/ceipramonestadella\/wp-content\/uploads\/usu385\/2023\/11\/WhatsApp-Image-2023-11-24-at-19.09.30.jpeg\"><img loading=\"lazy\" decoding=\"async\" class=\"aligncenter wp-image-12852\" src=\"https:\/\/agora.xtec.cat\/ceipramonestadella\/wp-content\/uploads\/usu385\/2023\/11\/WhatsApp-Image-2023-11-24-at-19.09.30-1024x771.jpeg\" alt=\"\" width=\"419\" height=\"316\" srcset=\"https:\/\/agora.xtec.cat\/ceipramonestadella\/wp-content\/uploads\/usu385\/2023\/11\/WhatsApp-Image-2023-11-24-at-19.09.30-1024x771.jpeg 1024w, https:\/\/agora.xtec.cat\/ceipramonestadella\/wp-content\/uploads\/usu385\/2023\/11\/WhatsApp-Image-2023-11-24-at-19.09.30-300x226.jpeg 300w, https:\/\/agora.xtec.cat\/ceipramonestadella\/wp-content\/uploads\/usu385\/2023\/11\/WhatsApp-Image-2023-11-24-at-19.09.30-768x578.jpeg 768w, https:\/\/agora.xtec.cat\/ceipramonestadella\/wp-content\/uploads\/usu385\/2023\/11\/WhatsApp-Image-2023-11-24-at-19.09.30-1536x1156.jpeg 1536w, https:\/\/agora.xtec.cat\/ceipramonestadella\/wp-content\/uploads\/usu385\/2023\/11\/WhatsApp-Image-2023-11-24-at-19.09.30-200x150.jpeg 200w, https:\/\/agora.xtec.cat\/ceipramonestadella\/wp-content\/uploads\/usu385\/2023\/11\/WhatsApp-Image-2023-11-24-at-19.09.30.jpeg 1600w\" sizes=\"auto, (max-width: 419px) 100vw, 419px\" \/><\/a><\/p>\n","protected":false},"excerpt":{"rendered":"<p>Avui a l\u2019escola hem celebrat anticipadament la diada del 25N \u2022 Dia internacional de l\u2019eliminaci\u00f3 de la viol\u00e8ncia contra les dones. Hem gaudit de diverses activitats i tallers de comprensi\u00f3, reflexi\u00f3 i sensibilitzaci\u00f3, acabant el mat\u00ed amb la lectura del manifest que ha preparat l&#8217;alumnat&hellip;  <a href=\"https:\/\/agora.xtec.cat\/ceipramonestadella\/general\/25n-dia-internacional-de-leliminacio-de-la-violencia-contra-les-dones\/\" title=\"Read 25N &#8211; Dia Internacional de l&#8217;eliminaci\u00f3 de la viol\u00e8ncia contra les dones.\">Llegeix m\u00e9s\u00bb<\/a><\/p>\n","protected":false},"author":6,"featured_media":12852,"comment_status":"open","ping_status":"closed","sticky":false,"template":"","format":"standard","meta":{"_bbp_topic_count":0,"_bbp_reply_count":0,"_bbp_total_topic_count":0,"_bbp_total_reply_count":0,"_bbp_voice_count":0,"_bbp_anonymous_reply_count":0,"_bbp_topic_count_hidden":0,"_bbp_reply_count_hidden":0,"_bbp_forum_subforum_count":0,"footnotes":""},"categories":[1],"tags":[69,70,71,72,391],"class_list":["post-12850","post","type-post","status-publish","format-standard","has-post-thumbnail","hentry","category-general","tag-cicle-inicial","tag-cicle-mitja","tag-cicle-superior","tag-educacio-infantil","tag-general"],"post_mailing_queue_ids":[],"_links":{"self":[{"href":"https:\/\/agora.xtec.cat\/ceipramonestadella\/wp-json\/wp\/v2\/posts\/12850","targetHints":{"allow":["GET"]}}],"collection":[{"href":"https:\/\/agora.xtec.cat\/ceipramonestadella\/wp-json\/wp\/v2\/posts"}],"about":[{"href":"https:\/\/agora.xtec.cat\/ceipramonestadella\/wp-json\/wp\/v2\/types\/post"}],"author":[{"embeddable":true,"href":"https:\/\/agora.xtec.cat\/ceipramonestadella\/wp-json\/wp\/v2\/users\/6"}],"replies":[{"embeddable":true,"href":"https:\/\/agora.xtec.cat\/ceipramonestadella\/wp-json\/wp\/v2\/comments?post=12850"}],"version-history":[{"count":3,"href":"https:\/\/agora.xtec.cat\/ceipramonestadella\/wp-json\/wp\/v2\/posts\/12850\/revisions"}],"predecessor-version":[{"id":12865,"href":"https:\/\/agora.xtec.cat\/ceipramonestadella\/wp-json\/wp\/v2\/posts\/12850\/revisions\/12865"}],"wp:featuredmedia":[{"embeddable":true,"href":"https:\/\/agora.xtec.cat\/ceipramonestadella\/wp-json\/wp\/v2\/media\/12852"}],"wp:attachment":[{"href":"https:\/\/agora.xtec.cat\/ceipramonestadella\/wp-json\/wp\/v2\/media?parent=12850"}],"wp:term":[{"taxonomy":"category","embeddable":true,"href":"https:\/\/agora.xtec.cat\/ceipramonestadella\/wp-json\/wp\/v2\/categories?post=12850"},{"taxonomy":"post_tag","embeddable":true,"href":"https:\/\/agora.xtec.cat\/ceipramonestadella\/wp-json\/wp\/v2\/tags?post=12850"}],"curies":[{"name":"wp","href":"https:\/\/api.w.org\/{rel}","templated":true}]}}