{"id":12652,"date":"2023-01-31T08:44:43","date_gmt":"2023-01-31T07:44:43","guid":{"rendered":"https:\/\/agora.xtec.cat\/ceipramonestadella\/?p=12652"},"modified":"2023-01-31T08:44:43","modified_gmt":"2023-01-31T07:44:43","slug":"30g-dia-escolar-de-la-no-violencia-i-la-pau","status":"publish","type":"post","link":"https:\/\/agora.xtec.cat\/ceipramonestadella\/general\/30g-dia-escolar-de-la-no-violencia-i-la-pau\/","title":{"rendered":"30G : Dia escolar de la No viol\u00e8ncia i la PAU"},"content":{"rendered":"<p>El dilluns dia 30 de gener, dia mundial de la no viol\u00e8ncia i la PAU, vam celebrar la cursa solid\u00e0ria SAVE THE CHILDREN \u201cQuil\u00f2metres de solidaritat\u201d amb la finalitat de recaptar fons per totes aquelles persones del m\u00f3n que m\u00e9s ho necessiten.<br \/>\nVam participar des dels m\u00e9s petits fins als m\u00e9s grans en una jornada on l\u2019esport i els valors van de la m\u00e0.<br \/>\nL\u2019alumnat de 6\u00e8 va llegir el Manifest per la PAU, a continuaci\u00f3 es va realitzar la cursa per cursos on totes i tots ho van fer molt b\u00e9! I despr\u00e9s vam tancar la jornada amb una cantada de la can\u00e7\u00f3 \u201cPodries\u201d de Roba Estesa.<\/p>\n<p><a href=\"https:\/\/drive.google.com\/drive\/folders\/1-Si6r6dsEK9jwsWJ0i31V_NRvyH4u2ed?usp=share_link\">AQU\u00cd<\/a> us deixem un recull fotogr\u00e0fic. Moltes gr\u00e0cies a tothom per la participaci\u00f3!<\/p>\n<p><a href=\"https:\/\/drive.google.com\/drive\/folders\/1-Si6r6dsEK9jwsWJ0i31V_NRvyH4u2ed?usp=share_link\">Enlla\u00e7 f<\/a><a href=\"https:\/\/drive.google.com\/drive\/folders\/1-Si6r6dsEK9jwsWJ0i31V_NRvyH4u2ed?usp=share_link\">otos<\/a><a href=\"https:\/\/agora.xtec.cat\/ceipramonestadella\/wp-content\/uploads\/usu385\/2023\/01\/d1a1581f-4ac3-4189-8045-87e2dbc2b88d.jpg\"><img loading=\"lazy\" decoding=\"async\" class=\"wp-image-12654 aligncenter\" src=\"https:\/\/agora.xtec.cat\/ceipramonestadella\/wp-content\/uploads\/usu385\/2023\/01\/d1a1581f-4ac3-4189-8045-87e2dbc2b88d.jpg\" alt=\"\" width=\"362\" height=\"483\" srcset=\"https:\/\/agora.xtec.cat\/ceipramonestadella\/wp-content\/uploads\/usu385\/2023\/01\/d1a1581f-4ac3-4189-8045-87e2dbc2b88d.jpg 1488w, https:\/\/agora.xtec.cat\/ceipramonestadella\/wp-content\/uploads\/usu385\/2023\/01\/d1a1581f-4ac3-4189-8045-87e2dbc2b88d-225x300.jpg 225w, https:\/\/agora.xtec.cat\/ceipramonestadella\/wp-content\/uploads\/usu385\/2023\/01\/d1a1581f-4ac3-4189-8045-87e2dbc2b88d-768x1024.jpg 768w, https:\/\/agora.xtec.cat\/ceipramonestadella\/wp-content\/uploads\/usu385\/2023\/01\/d1a1581f-4ac3-4189-8045-87e2dbc2b88d-1152x1536.jpg 1152w\" sizes=\"auto, (max-width: 362px) 100vw, 362px\" \/><\/a><\/p>\n","protected":false},"excerpt":{"rendered":"<p>El dilluns dia 30 de gener, dia mundial de la no viol\u00e8ncia i la PAU, vam celebrar la cursa solid\u00e0ria SAVE THE CHILDREN \u201cQuil\u00f2metres de solidaritat\u201d amb la finalitat de recaptar fons per totes aquelles persones del m\u00f3n que m\u00e9s ho necessiten.<br \/>\nVam participar des dels&hellip;  <a href=\"https:\/\/agora.xtec.cat\/ceipramonestadella\/general\/30g-dia-escolar-de-la-no-violencia-i-la-pau\/\" title=\"Read 30G : Dia escolar de la No viol\u00e8ncia i la PAU\">Llegeix m\u00e9s\u00bb<\/a><\/p>\n","protected":false},"author":7,"featured_media":0,"comment_status":"open","ping_status":"closed","sticky":false,"template":"","format":"standard","meta":{"_bbp_topic_count":0,"_bbp_reply_count":0,"_bbp_total_topic_count":0,"_bbp_total_reply_count":0,"_bbp_voice_count":0,"_bbp_anonymous_reply_count":0,"_bbp_topic_count_hidden":0,"_bbp_reply_count_hidden":0,"_bbp_forum_subforum_count":0,"footnotes":""},"categories":[243,244,245,246,1],"tags":[],"class_list":["post-12652","post","type-post","status-publish","format-standard","hentry","category-cicle-inicial","category-cicle-mitja","category-cicle-superior","category-educacio-infantil","category-general"],"post_mailing_queue_ids":[],"_links":{"self":[{"href":"https:\/\/agora.xtec.cat\/ceipramonestadella\/wp-json\/wp\/v2\/posts\/12652","targetHints":{"allow":["GET"]}}],"collection":[{"href":"https:\/\/agora.xtec.cat\/ceipramonestadella\/wp-json\/wp\/v2\/posts"}],"about":[{"href":"https:\/\/agora.xtec.cat\/ceipramonestadella\/wp-json\/wp\/v2\/types\/post"}],"author":[{"embeddable":true,"href":"https:\/\/agora.xtec.cat\/ceipramonestadella\/wp-json\/wp\/v2\/users\/7"}],"replies":[{"embeddable":true,"href":"https:\/\/agora.xtec.cat\/ceipramonestadella\/wp-json\/wp\/v2\/comments?post=12652"}],"version-history":[{"count":3,"href":"https:\/\/agora.xtec.cat\/ceipramonestadella\/wp-json\/wp\/v2\/posts\/12652\/revisions"}],"predecessor-version":[{"id":12656,"href":"https:\/\/agora.xtec.cat\/ceipramonestadella\/wp-json\/wp\/v2\/posts\/12652\/revisions\/12656"}],"wp:attachment":[{"href":"https:\/\/agora.xtec.cat\/ceipramonestadella\/wp-json\/wp\/v2\/media?parent=12652"}],"wp:term":[{"taxonomy":"category","embeddable":true,"href":"https:\/\/agora.xtec.cat\/ceipramonestadella\/wp-json\/wp\/v2\/categories?post=12652"},{"taxonomy":"post_tag","embeddable":true,"href":"https:\/\/agora.xtec.cat\/ceipramonestadella\/wp-json\/wp\/v2\/tags?post=12652"}],"curies":[{"name":"wp","href":"https:\/\/api.w.org\/{rel}","templated":true}]}}