{"id":12166,"date":"2021-06-03T15:55:48","date_gmt":"2021-06-03T13:55:48","guid":{"rendered":"http:\/\/agora.xtec.cat\/ceipramonestadella\/?p=12166"},"modified":"2021-06-03T15:55:48","modified_gmt":"2021-06-03T13:55:48","slug":"llegim-be-a-5e-b-jordi-iker-i-pol","status":"publish","type":"post","link":"https:\/\/agora.xtec.cat\/ceipramonestadella\/general\/llegim-be-a-5e-b-jordi-iker-i-pol\/","title":{"rendered":"Llegim b\u00e9 a 5\u00e8 B: Jordi, Iker i Pol."},"content":{"rendered":"<p>Aquesta setmana, els nostres lectors han sigut el Jordi, l&#8217;Iker i el Pol. Ells han escollit un llibre de la col\u00b7lecci\u00f3 &#8220;Els Futbol\u00edssims&#8221;, titulat &#8220;El misteri del jugador 13&#8221;. Es nota que s&#8217;ho han preparat amb ganes i emoci\u00f3, ja que aix\u00ed ens ho han transm\u00e8s.<\/p>\n<p>Gr\u00e0cies nois!!<\/p>\n<p><a href=\"https:\/\/agora.xtec.cat\/ceipramonestadella\/wp-content\/uploads\/usu385\/2021\/06\/IMG_20210531_091102.jpg\"><img loading=\"lazy\" decoding=\"async\" class=\"alignnone size-medium wp-image-12169\" src=\"https:\/\/agora.xtec.cat\/ceipramonestadella\/wp-content\/uploads\/usu385\/2021\/06\/IMG_20210531_091102-300x224.jpg\" alt=\"\" width=\"300\" height=\"224\" srcset=\"https:\/\/agora.xtec.cat\/ceipramonestadella\/wp-content\/uploads\/usu385\/2021\/06\/IMG_20210531_091102-300x224.jpg 300w, https:\/\/agora.xtec.cat\/ceipramonestadella\/wp-content\/uploads\/usu385\/2021\/06\/IMG_20210531_091102-768x575.jpg 768w, https:\/\/agora.xtec.cat\/ceipramonestadella\/wp-content\/uploads\/usu385\/2021\/06\/IMG_20210531_091102-1024x766.jpg 1024w, https:\/\/agora.xtec.cat\/ceipramonestadella\/wp-content\/uploads\/usu385\/2021\/06\/IMG_20210531_091102-200x150.jpg 200w, https:\/\/agora.xtec.cat\/ceipramonestadella\/wp-content\/uploads\/usu385\/2021\/06\/IMG_20210531_091102.jpg 1600w\" sizes=\"auto, (max-width: 300px) 100vw, 300px\" \/><\/a><\/p>\n<p>&nbsp;<\/p>\n<p><a href=\"https:\/\/agora.xtec.cat\/ceipramonestadella\/wp-content\/uploads\/usu385\/2021\/06\/IMG_20210531_091044.jpg\"><img loading=\"lazy\" decoding=\"async\" class=\"alignnone size-medium wp-image-12167\" src=\"https:\/\/agora.xtec.cat\/ceipramonestadella\/wp-content\/uploads\/usu385\/2021\/06\/IMG_20210531_091044-224x300.jpg\" alt=\"\" width=\"224\" height=\"300\" srcset=\"https:\/\/agora.xtec.cat\/ceipramonestadella\/wp-content\/uploads\/usu385\/2021\/06\/IMG_20210531_091044-224x300.jpg 224w, https:\/\/agora.xtec.cat\/ceipramonestadella\/wp-content\/uploads\/usu385\/2021\/06\/IMG_20210531_091044-768x1027.jpg 768w, https:\/\/agora.xtec.cat\/ceipramonestadella\/wp-content\/uploads\/usu385\/2021\/06\/IMG_20210531_091044-766x1024.jpg 766w, https:\/\/agora.xtec.cat\/ceipramonestadella\/wp-content\/uploads\/usu385\/2021\/06\/IMG_20210531_091044.jpg 1197w\" sizes=\"auto, (max-width: 224px) 100vw, 224px\" \/><\/a> <a href=\"https:\/\/agora.xtec.cat\/ceipramonestadella\/wp-content\/uploads\/usu385\/2021\/06\/IMG_20210531_091048.jpg\"><img loading=\"lazy\" decoding=\"async\" class=\"alignnone size-medium wp-image-12168\" src=\"https:\/\/agora.xtec.cat\/ceipramonestadella\/wp-content\/uploads\/usu385\/2021\/06\/IMG_20210531_091048-224x300.jpg\" alt=\"\" width=\"224\" height=\"300\" srcset=\"https:\/\/agora.xtec.cat\/ceipramonestadella\/wp-content\/uploads\/usu385\/2021\/06\/IMG_20210531_091048-224x300.jpg 224w, https:\/\/agora.xtec.cat\/ceipramonestadella\/wp-content\/uploads\/usu385\/2021\/06\/IMG_20210531_091048-768x1027.jpg 768w, https:\/\/agora.xtec.cat\/ceipramonestadella\/wp-content\/uploads\/usu385\/2021\/06\/IMG_20210531_091048-766x1024.jpg 766w, https:\/\/agora.xtec.cat\/ceipramonestadella\/wp-content\/uploads\/usu385\/2021\/06\/IMG_20210531_091048.jpg 1197w\" sizes=\"auto, (max-width: 224px) 100vw, 224px\" \/><\/a><\/p>\n<p>&nbsp;<\/p>\n<p>&nbsp;<\/p>\n<p>&nbsp;<\/p>\n","protected":false},"excerpt":{"rendered":"<p>Aquesta setmana, els nostres lectors han sigut el Jordi, l&#8217;Iker i el Pol. Ells han escollit un llibre de la col\u00b7lecci\u00f3 &#8220;Els Futbol\u00edssims&#8221;, titulat &#8220;El misteri del jugador 13&#8221;. Es nota que s&#8217;ho han preparat amb ganes i emoci\u00f3, ja que aix\u00ed ens ho han&hellip;  <a href=\"https:\/\/agora.xtec.cat\/ceipramonestadella\/general\/llegim-be-a-5e-b-jordi-iker-i-pol\/\" title=\"Read Llegim b\u00e9 a 5\u00e8 B: Jordi, Iker i Pol.\">Llegeix m\u00e9s\u00bb<\/a><\/p>\n","protected":false},"author":8,"featured_media":1793,"comment_status":"open","ping_status":"closed","sticky":false,"template":"","format":"standard","meta":{"_bbp_topic_count":0,"_bbp_reply_count":0,"_bbp_total_topic_count":0,"_bbp_total_reply_count":0,"_bbp_voice_count":0,"_bbp_anonymous_reply_count":0,"_bbp_topic_count_hidden":0,"_bbp_reply_count_hidden":0,"_bbp_forum_subforum_count":0,"footnotes":""},"categories":[389,245,507,397,1,973],"tags":[1040,71,567,391,954],"class_list":["post-12166","post","type-post","status-publish","format-standard","has-post-thumbnail","hentry","category-5e","category-cicle-superior","category-cicle-superior-2","category-cinque","category-general","category-llegim-be","tag-5e-b","tag-cicle-superior","tag-el-bon-lector","tag-general","tag-llegim-be"],"post_mailing_queue_ids":[],"_links":{"self":[{"href":"https:\/\/agora.xtec.cat\/ceipramonestadella\/wp-json\/wp\/v2\/posts\/12166","targetHints":{"allow":["GET"]}}],"collection":[{"href":"https:\/\/agora.xtec.cat\/ceipramonestadella\/wp-json\/wp\/v2\/posts"}],"about":[{"href":"https:\/\/agora.xtec.cat\/ceipramonestadella\/wp-json\/wp\/v2\/types\/post"}],"author":[{"embeddable":true,"href":"https:\/\/agora.xtec.cat\/ceipramonestadella\/wp-json\/wp\/v2\/users\/8"}],"replies":[{"embeddable":true,"href":"https:\/\/agora.xtec.cat\/ceipramonestadella\/wp-json\/wp\/v2\/comments?post=12166"}],"version-history":[{"count":2,"href":"https:\/\/agora.xtec.cat\/ceipramonestadella\/wp-json\/wp\/v2\/posts\/12166\/revisions"}],"predecessor-version":[{"id":12171,"href":"https:\/\/agora.xtec.cat\/ceipramonestadella\/wp-json\/wp\/v2\/posts\/12166\/revisions\/12171"}],"wp:featuredmedia":[{"embeddable":true,"href":"https:\/\/agora.xtec.cat\/ceipramonestadella\/wp-json\/wp\/v2\/media\/1793"}],"wp:attachment":[{"href":"https:\/\/agora.xtec.cat\/ceipramonestadella\/wp-json\/wp\/v2\/media?parent=12166"}],"wp:term":[{"taxonomy":"category","embeddable":true,"href":"https:\/\/agora.xtec.cat\/ceipramonestadella\/wp-json\/wp\/v2\/categories?post=12166"},{"taxonomy":"post_tag","embeddable":true,"href":"https:\/\/agora.xtec.cat\/ceipramonestadella\/wp-json\/wp\/v2\/tags?post=12166"}],"curies":[{"name":"wp","href":"https:\/\/api.w.org\/{rel}","templated":true}]}}