{"id":11994,"date":"2021-05-14T18:42:02","date_gmt":"2021-05-14T16:42:02","guid":{"rendered":"http:\/\/agora.xtec.cat\/ceipramonestadella\/?p=11994"},"modified":"2021-05-14T21:30:55","modified_gmt":"2021-05-14T19:30:55","slug":"families-i-oficis-a-primer","status":"publish","type":"post","link":"https:\/\/agora.xtec.cat\/ceipramonestadella\/general\/families-i-oficis-a-primer\/","title":{"rendered":"Fam\u00edlies i oficis a primer"},"content":{"rendered":"<p>Aquest tercer trimestre estem treballant el projecte de la &#8220;Fam\u00edlia i els oficis&#8221;. Avui hem pogut disfrutar de la visita d&#8217;alguns familiars que ens han explicat el seu ofici.<\/p>\n<p>La S\u00edlvia ens ha explicat la tasca que fa com a llevadora. Ha sigut molt interessant, i a m\u00e9s a m\u00e9s s&#8217;ha preparat una representaci\u00f3 d&#8217;un part, on la Jana actuava com a llevadora i ha fet totes les tasques pertinents, explicades amb molt detall i amor per part de mare i filla. Hem conegut alguns aparells necessaris de les llevadores, ens han parlat del cord\u00f3 umbilical, de la placenta, del pes, l&#8217;alimentaci\u00f3 i totes les cures que necessiten les dones embarassades i quan estan de part.<\/p>\n<p>En Jaume, el pare de l&#8217;\u00c0urea \u00e9s jardiner i ens ha explicat les seves tasques di\u00e0ries i ens ha portat planter per a tots i totes. Tamb\u00e9 ens ha ensenyat com plantar tomateres, pebrots, alberg\u00ednies, carbassons i enciams i com cuidar-los per despr\u00e9s poder gaudir dels seus fruits.<\/p>\n<p>El Iago, el pare de la Paula, ens ha explicat l&#8217;evoluci\u00f3 de la il\u2022luminaci\u00f3 desde la Prehist\u00f2ria (amb el foc) fins a dia d&#8217;avui, amb les llums LED. Aix\u00ed doncs, ens ha portat diferents bombetes perqu\u00e8 els nens i nenes poguessin con\u00e8ixer-les. A m\u00e9s a m\u00e9s, ens ha ensenyat diversos sistemes de llums per fer-nos la vida m\u00e9s c\u00f2moda.<br \/>\nUn dels sistemes que ens ha mostrat \u00e9s la regulaci\u00f3 de la llum gradualment, des d&#8217;un m\u00f3vil. Tamb\u00e9 ha fet possible que la m\u00fasica es pogu\u00e9s sincronitzar amb la llum.<\/p>\n<p>La Lilia, la mare del Robert, ens ha mostrat el proc\u00e9s que segueix un pollastre desde que arriba a la f\u00e0<span style=\"font-family: inherit; font-size: 1em;\">brica, fins que el podem anar a comprar a la botiga.<\/span><\/p>\n<p>En aquest proc\u00e9s, ens ha explicat les diverses fases: control de qualitat, diferents presentacions (a filets, sencer, etc.) I envasat, per la seva distribuci\u00f3.<br \/>\nA la vegada, els hi ha argumentat els beneficis d&#8217;una alimentaci\u00f3 saludable.<\/p>\n<h3><strong><a href=\"https:\/\/photos.app.goo.gl\/q3bcSim35YS7ohTe6\">FOTOS AQU\u00cd<\/a><\/strong><\/h3>\n<p><a href=\"https:\/\/agora.xtec.cat\/ceipramonestadella\/wp-content\/uploads\/usu385\/2021\/05\/els-oficis.jpg\"><img loading=\"lazy\" decoding=\"async\" class=\" wp-image-11995 aligncenter\" src=\"https:\/\/agora.xtec.cat\/ceipramonestadella\/wp-content\/uploads\/usu385\/2021\/05\/els-oficis.jpg\" alt=\"\" width=\"127\" height=\"179\" srcset=\"https:\/\/agora.xtec.cat\/ceipramonestadella\/wp-content\/uploads\/usu385\/2021\/05\/els-oficis.jpg 679w, https:\/\/agora.xtec.cat\/ceipramonestadella\/wp-content\/uploads\/usu385\/2021\/05\/els-oficis-212x300.jpg 212w\" sizes=\"auto, (max-width: 127px) 100vw, 127px\" \/><\/a><\/p>\n<p>Molt\u00edssimes gr\u00e0cies fam\u00edlies, sense vosaltres tot aix\u00f2 no seria possible.<\/p>\n","protected":false},"excerpt":{"rendered":"<p>Aquest tercer trimestre estem treballant el projecte de la &#8220;Fam\u00edlia i els oficis&#8221;. Avui hem pogut disfrutar de la visita d&#8217;alguns familiars que ens han explicat el seu ofici.<br \/>\nLa S\u00edlvia ens ha explicat la tasca que fa com a llevadora. Ha sigut molt interessant, i&hellip;  <a href=\"https:\/\/agora.xtec.cat\/ceipramonestadella\/general\/families-i-oficis-a-primer\/\" title=\"Read Fam\u00edlies i oficis a primer\">Llegeix m\u00e9s\u00bb<\/a><\/p>\n","protected":false},"author":7,"featured_media":0,"comment_status":"open","ping_status":"closed","sticky":false,"template":"","format":"standard","meta":{"_bbp_topic_count":0,"_bbp_reply_count":0,"_bbp_total_topic_count":0,"_bbp_total_reply_count":0,"_bbp_voice_count":0,"_bbp_anonymous_reply_count":0,"_bbp_topic_count_hidden":0,"_bbp_reply_count_hidden":0,"_bbp_forum_subforum_count":0,"footnotes":""},"categories":[437,830,321,1],"tags":[405,428,476],"class_list":["post-11994","post","type-post","status-publish","format-standard","hentry","category-1r-2","category-cicle-inicial-2n-2","category-families","category-general","tag-1r","tag-cicle-incial","tag-coneixement-de-medi"],"post_mailing_queue_ids":[],"_links":{"self":[{"href":"https:\/\/agora.xtec.cat\/ceipramonestadella\/wp-json\/wp\/v2\/posts\/11994","targetHints":{"allow":["GET"]}}],"collection":[{"href":"https:\/\/agora.xtec.cat\/ceipramonestadella\/wp-json\/wp\/v2\/posts"}],"about":[{"href":"https:\/\/agora.xtec.cat\/ceipramonestadella\/wp-json\/wp\/v2\/types\/post"}],"author":[{"embeddable":true,"href":"https:\/\/agora.xtec.cat\/ceipramonestadella\/wp-json\/wp\/v2\/users\/7"}],"replies":[{"embeddable":true,"href":"https:\/\/agora.xtec.cat\/ceipramonestadella\/wp-json\/wp\/v2\/comments?post=11994"}],"version-history":[{"count":3,"href":"https:\/\/agora.xtec.cat\/ceipramonestadella\/wp-json\/wp\/v2\/posts\/11994\/revisions"}],"predecessor-version":[{"id":11999,"href":"https:\/\/agora.xtec.cat\/ceipramonestadella\/wp-json\/wp\/v2\/posts\/11994\/revisions\/11999"}],"wp:attachment":[{"href":"https:\/\/agora.xtec.cat\/ceipramonestadella\/wp-json\/wp\/v2\/media?parent=11994"}],"wp:term":[{"taxonomy":"category","embeddable":true,"href":"https:\/\/agora.xtec.cat\/ceipramonestadella\/wp-json\/wp\/v2\/categories?post=11994"},{"taxonomy":"post_tag","embeddable":true,"href":"https:\/\/agora.xtec.cat\/ceipramonestadella\/wp-json\/wp\/v2\/tags?post=11994"}],"curies":[{"name":"wp","href":"https:\/\/api.w.org\/{rel}","templated":true}]}}