{"id":11729,"date":"2021-03-26T20:12:44","date_gmt":"2021-03-26T19:12:44","guid":{"rendered":"http:\/\/agora.xtec.cat\/ceipramonestadella\/?p=11729"},"modified":"2021-03-26T20:20:34","modified_gmt":"2021-03-26T19:20:34","slug":"les-jornades-esportives-deducacio-infantil","status":"publish","type":"post","link":"https:\/\/agora.xtec.cat\/ceipramonestadella\/general\/les-jornades-esportives-deducacio-infantil\/","title":{"rendered":"Les jornades esportives d&#8217;educaci\u00f3 infantil!"},"content":{"rendered":"<p>Avui a educaci\u00f3 infantil hem tancat el trimestre de la millor manera possible, i ha estat fent unes jornades esportives amb activitats molt divertides i engrescadores! Hem realitzat circuits, relleus i tir amb c\u00e8rcols, hem mogut l&#8217;esquelet a trav\u00e9s de jocs, hem jugat amb el &#8220;paracaigudes&#8221; i incl\u00fas hem estat jugant a un inflable! Ha estat una jornada molt entretinguda on tothom s&#8217;ho ha passat molt i molt b\u00e9. Ara tenim per endavant uns quants dies de vacances que esperem que aprofiteu al m\u00e0xim.<\/p>\n<p>Si voleu veure fotos i v\u00eddeos de com ha estat la jornada d&#8217;avui premeu en aquest <a href=\"https:\/\/photos.app.goo.gl\/Hyn4MPrShPakqWdTA\">enlla\u00e7!!!\u00a0<\/a><\/p>\n<p>I per acabar, desitjar-vos una bona Pasqua a tothom! Ens veiem a la tornada.\ud83d\ude00<\/p>\n","protected":false},"excerpt":{"rendered":"<p>Avui a educaci\u00f3 infantil hem tancat el trimestre de la millor manera possible, i ha estat fent unes jornades esportives amb activitats molt divertides i engrescadores! Hem realitzat circuits, relleus i tir amb c\u00e8rcols, hem mogut l&#8217;esquelet a trav\u00e9s de jocs, hem jugat amb el&hellip;  <a href=\"https:\/\/agora.xtec.cat\/ceipramonestadella\/general\/les-jornades-esportives-deducacio-infantil\/\" title=\"Read Les jornades esportives d&#8217;educaci\u00f3 infantil!\">Llegeix m\u00e9s\u00bb<\/a><\/p>\n","protected":false},"author":9,"featured_media":0,"comment_status":"open","ping_status":"closed","sticky":false,"template":"","format":"standard","meta":{"_bbp_topic_count":0,"_bbp_reply_count":0,"_bbp_total_topic_count":0,"_bbp_total_reply_count":0,"_bbp_voice_count":0,"_bbp_anonymous_reply_count":0,"_bbp_topic_count_hidden":0,"_bbp_reply_count_hidden":0,"_bbp_forum_subforum_count":0,"footnotes":""},"categories":[401,930,348,1,249,267,250,251,277,276,247,1041,425,1021],"tags":[72,582,391,410,402,411,686,687,412,584,468],"class_list":["post-11729","post","type-post","status-publish","format-standard","hentry","category-educacio-infantil-2","category-educacio-infantil-3","category-ei","category-general","category-infantil","category-jocs","category-p3","category-p4","category-p4a","category-p4b","category-p5","category-p5-general","category-p5-a","category-p5b","tag-educacio-infantil","tag-ei","tag-general","tag-infantil","tag-p3","tag-p4","tag-p4a","tag-p4b","tag-p5","tag-p5a","tag-p5b"],"post_mailing_queue_ids":[],"_links":{"self":[{"href":"https:\/\/agora.xtec.cat\/ceipramonestadella\/wp-json\/wp\/v2\/posts\/11729","targetHints":{"allow":["GET"]}}],"collection":[{"href":"https:\/\/agora.xtec.cat\/ceipramonestadella\/wp-json\/wp\/v2\/posts"}],"about":[{"href":"https:\/\/agora.xtec.cat\/ceipramonestadella\/wp-json\/wp\/v2\/types\/post"}],"author":[{"embeddable":true,"href":"https:\/\/agora.xtec.cat\/ceipramonestadella\/wp-json\/wp\/v2\/users\/9"}],"replies":[{"embeddable":true,"href":"https:\/\/agora.xtec.cat\/ceipramonestadella\/wp-json\/wp\/v2\/comments?post=11729"}],"version-history":[{"count":2,"href":"https:\/\/agora.xtec.cat\/ceipramonestadella\/wp-json\/wp\/v2\/posts\/11729\/revisions"}],"predecessor-version":[{"id":11732,"href":"https:\/\/agora.xtec.cat\/ceipramonestadella\/wp-json\/wp\/v2\/posts\/11729\/revisions\/11732"}],"wp:attachment":[{"href":"https:\/\/agora.xtec.cat\/ceipramonestadella\/wp-json\/wp\/v2\/media?parent=11729"}],"wp:term":[{"taxonomy":"category","embeddable":true,"href":"https:\/\/agora.xtec.cat\/ceipramonestadella\/wp-json\/wp\/v2\/categories?post=11729"},{"taxonomy":"post_tag","embeddable":true,"href":"https:\/\/agora.xtec.cat\/ceipramonestadella\/wp-json\/wp\/v2\/tags?post=11729"}],"curies":[{"name":"wp","href":"https:\/\/api.w.org\/{rel}","templated":true}]}}