{"id":11648,"date":"2021-03-20T13:17:44","date_gmt":"2021-03-20T12:17:44","guid":{"rendered":"http:\/\/agora.xtec.cat\/ceipramonestadella\/?p=11648"},"modified":"2021-03-25T13:35:01","modified_gmt":"2021-03-25T12:35:01","slug":"p4-a-que-hem-apres-dels-cuiners-i-les-cuineres","status":"publish","type":"post","link":"https:\/\/agora.xtec.cat\/ceipramonestadella\/general\/educacio-infantil\/p4-a-que-hem-apres-dels-cuiners-i-les-cuineres\/","title":{"rendered":"P4-A: QU\u00c8 HEM APR\u00c8S DELS CUINERS I LES CUINERES?"},"content":{"rendered":"<p>Durant aquest trimestre els nens i nenes de p4 hem estat treballant a partir del projecte dels cuiners i les cuineres.<\/p>\n<p>Ara, que ja estem a punt d&#8217;acabar, hem estat fent un mapa conceptual entre tots, on hem posat tot el que hem apr\u00e8s. Ja sabem qu\u00e8 \u00e9s, com vesteix, on treballa, amb qui treballa&#8230; i moltes coses m\u00e9s!<\/p>\n<p>Si voleu veure que b\u00e9 ens ha quedat, <a href=\"https:\/\/photos.app.goo.gl\/EWB8RnXa466hz6jy7\">CLIQUEU AQU\u00cd<\/a><\/p>\n<p><a href=\"https:\/\/agora.xtec.cat\/ceipramonestadella\/wp-content\/uploads\/usu385\/2021\/03\/foto-mapa-1.jpg\"><img loading=\"lazy\" decoding=\"async\" class=\"wp-image-11649 alignleft\" src=\"https:\/\/agora.xtec.cat\/ceipramonestadella\/wp-content\/uploads\/usu385\/2021\/03\/foto-mapa-1-1024x648.jpg\" alt=\"\" width=\"386\" height=\"244\" srcset=\"https:\/\/agora.xtec.cat\/ceipramonestadella\/wp-content\/uploads\/usu385\/2021\/03\/foto-mapa-1-1024x648.jpg 1024w, https:\/\/agora.xtec.cat\/ceipramonestadella\/wp-content\/uploads\/usu385\/2021\/03\/foto-mapa-1-300x190.jpg 300w, https:\/\/agora.xtec.cat\/ceipramonestadella\/wp-content\/uploads\/usu385\/2021\/03\/foto-mapa-1-768x486.jpg 768w\" sizes=\"auto, (max-width: 386px) 100vw, 386px\" \/><\/a><\/p>\n","protected":false},"excerpt":{"rendered":"<p>Durant aquest trimestre els nens i nenes de p4 hem estat treballant a partir del projecte dels cuiners i les cuineres.<br \/>\nAra, que ja estem a punt d&#8217;acabar, hem estat fent un mapa conceptual entre tots, on hem posat tot el que hem apr\u00e8s. Ja sabem&hellip;  <a href=\"https:\/\/agora.xtec.cat\/ceipramonestadella\/general\/educacio-infantil\/p4-a-que-hem-apres-dels-cuiners-i-les-cuineres\/\" title=\"Read P4-A: QU\u00c8 HEM APR\u00c8S DELS CUINERS I LES CUINERES?\">Llegeix m\u00e9s\u00bb<\/a><\/p>\n","protected":false},"author":9,"featured_media":0,"comment_status":"open","ping_status":"closed","sticky":false,"template":"","format":"standard","meta":{"_bbp_topic_count":0,"_bbp_reply_count":0,"_bbp_total_topic_count":0,"_bbp_total_reply_count":0,"_bbp_voice_count":0,"_bbp_anonymous_reply_count":0,"_bbp_topic_count_hidden":0,"_bbp_reply_count_hidden":0,"_bbp_forum_subforum_count":0,"footnotes":""},"categories":[246,251,277],"tags":[72,391,411,686],"class_list":["post-11648","post","type-post","status-publish","format-standard","hentry","category-educacio-infantil","category-p4","category-p4a","tag-educacio-infantil","tag-general","tag-p4","tag-p4a"],"post_mailing_queue_ids":[],"_links":{"self":[{"href":"https:\/\/agora.xtec.cat\/ceipramonestadella\/wp-json\/wp\/v2\/posts\/11648","targetHints":{"allow":["GET"]}}],"collection":[{"href":"https:\/\/agora.xtec.cat\/ceipramonestadella\/wp-json\/wp\/v2\/posts"}],"about":[{"href":"https:\/\/agora.xtec.cat\/ceipramonestadella\/wp-json\/wp\/v2\/types\/post"}],"author":[{"embeddable":true,"href":"https:\/\/agora.xtec.cat\/ceipramonestadella\/wp-json\/wp\/v2\/users\/9"}],"replies":[{"embeddable":true,"href":"https:\/\/agora.xtec.cat\/ceipramonestadella\/wp-json\/wp\/v2\/comments?post=11648"}],"version-history":[{"count":3,"href":"https:\/\/agora.xtec.cat\/ceipramonestadella\/wp-json\/wp\/v2\/posts\/11648\/revisions"}],"predecessor-version":[{"id":11653,"href":"https:\/\/agora.xtec.cat\/ceipramonestadella\/wp-json\/wp\/v2\/posts\/11648\/revisions\/11653"}],"wp:attachment":[{"href":"https:\/\/agora.xtec.cat\/ceipramonestadella\/wp-json\/wp\/v2\/media?parent=11648"}],"wp:term":[{"taxonomy":"category","embeddable":true,"href":"https:\/\/agora.xtec.cat\/ceipramonestadella\/wp-json\/wp\/v2\/categories?post=11648"},{"taxonomy":"post_tag","embeddable":true,"href":"https:\/\/agora.xtec.cat\/ceipramonestadella\/wp-json\/wp\/v2\/tags?post=11648"}],"curies":[{"name":"wp","href":"https:\/\/api.w.org\/{rel}","templated":true}]}}