{"id":11584,"date":"2021-03-08T21:16:56","date_gmt":"2021-03-08T20:16:56","guid":{"rendered":"http:\/\/agora.xtec.cat\/ceipramonestadella\/?p=11584"},"modified":"2021-03-08T21:16:56","modified_gmt":"2021-03-08T20:16:56","slug":"celebrem-el-8m-i-treballem-la-coeducacio-a-educacio-infantil","status":"publish","type":"post","link":"https:\/\/agora.xtec.cat\/ceipramonestadella\/general\/celebrem-el-8m-i-treballem-la-coeducacio-a-educacio-infantil\/","title":{"rendered":"Celebrem el 8M i treballem la coeducaci\u00f3 a educaci\u00f3 infantil!"},"content":{"rendered":"<p>Avui \u00e9s 8 de mar\u00e7, el dia de la dona. Un dia marcat al nostre calendari, important i que celebrem i tamb\u00e9 treballem a l&#8217;escola. A educaci\u00f3 infantil ens hem posat un lla\u00e7 de color lila, hem explicat per qu\u00e8 avui \u00e9s un dia important i, a trav\u00e9s de diferents activitats i din\u00e0miques hem treballat la import\u00e0ncia de la igualtat de g\u00e8nere. Ha estat un dia molt interessant, amb moltes preguntes i respostes.<\/p>\n<p><a href=\"https:\/\/photos.app.goo.gl\/wbiTTYk62fWowa7C8\">Si voleu veure algunes fotos del dia d&#8217;avui, cliqueu aqu\u00ed<\/a><\/p>\n","protected":false},"excerpt":{"rendered":"<p>Avui \u00e9s 8 de mar\u00e7, el dia de la dona. Un dia marcat al nostre calendari, important i que celebrem i tamb\u00e9 treballem a l&#8217;escola. A educaci\u00f3 infantil ens hem posat un lla\u00e7 de color lila, hem explicat per qu\u00e8 avui \u00e9s un dia important&hellip;  <a href=\"https:\/\/agora.xtec.cat\/ceipramonestadella\/general\/celebrem-el-8m-i-treballem-la-coeducacio-a-educacio-infantil\/\" title=\"Read Celebrem el 8M i treballem la coeducaci\u00f3 a educaci\u00f3 infantil!\">Llegeix m\u00e9s\u00bb<\/a><\/p>\n","protected":false},"author":9,"featured_media":0,"comment_status":"open","ping_status":"closed","sticky":false,"template":"","format":"standard","meta":{"_bbp_topic_count":0,"_bbp_reply_count":0,"_bbp_total_topic_count":0,"_bbp_total_reply_count":0,"_bbp_voice_count":0,"_bbp_anonymous_reply_count":0,"_bbp_topic_count_hidden":0,"_bbp_reply_count_hidden":0,"_bbp_forum_subforum_count":0,"footnotes":""},"categories":[1],"tags":[1036,72,391,410,402,411,686,687,412,584,468],"class_list":["post-11584","post","type-post","status-publish","format-standard","hentry","category-general","tag-8m","tag-educacio-infantil","tag-general","tag-infantil","tag-p3","tag-p4","tag-p4a","tag-p4b","tag-p5","tag-p5a","tag-p5b"],"post_mailing_queue_ids":[],"_links":{"self":[{"href":"https:\/\/agora.xtec.cat\/ceipramonestadella\/wp-json\/wp\/v2\/posts\/11584","targetHints":{"allow":["GET"]}}],"collection":[{"href":"https:\/\/agora.xtec.cat\/ceipramonestadella\/wp-json\/wp\/v2\/posts"}],"about":[{"href":"https:\/\/agora.xtec.cat\/ceipramonestadella\/wp-json\/wp\/v2\/types\/post"}],"author":[{"embeddable":true,"href":"https:\/\/agora.xtec.cat\/ceipramonestadella\/wp-json\/wp\/v2\/users\/9"}],"replies":[{"embeddable":true,"href":"https:\/\/agora.xtec.cat\/ceipramonestadella\/wp-json\/wp\/v2\/comments?post=11584"}],"version-history":[{"count":1,"href":"https:\/\/agora.xtec.cat\/ceipramonestadella\/wp-json\/wp\/v2\/posts\/11584\/revisions"}],"predecessor-version":[{"id":11585,"href":"https:\/\/agora.xtec.cat\/ceipramonestadella\/wp-json\/wp\/v2\/posts\/11584\/revisions\/11585"}],"wp:attachment":[{"href":"https:\/\/agora.xtec.cat\/ceipramonestadella\/wp-json\/wp\/v2\/media?parent=11584"}],"wp:term":[{"taxonomy":"category","embeddable":true,"href":"https:\/\/agora.xtec.cat\/ceipramonestadella\/wp-json\/wp\/v2\/categories?post=11584"},{"taxonomy":"post_tag","embeddable":true,"href":"https:\/\/agora.xtec.cat\/ceipramonestadella\/wp-json\/wp\/v2\/tags?post=11584"}],"curies":[{"name":"wp","href":"https:\/\/api.w.org\/{rel}","templated":true}]}}