{"id":11565,"date":"2021-03-05T18:45:28","date_gmt":"2021-03-05T17:45:28","guid":{"rendered":"http:\/\/agora.xtec.cat\/ceipramonestadella\/?p=11565"},"modified":"2021-03-05T18:45:28","modified_gmt":"2021-03-05T17:45:28","slug":"ens-visita-lartista-joan-codina-donaire","status":"publish","type":"post","link":"https:\/\/agora.xtec.cat\/ceipramonestadella\/general\/ens-visita-lartista-joan-codina-donaire\/","title":{"rendered":"ENS VISITA L&#8217;ARTISTA JOAN CODINA DONAIRE"},"content":{"rendered":"<p>Una de les activitats planificades durant el 2n trimestre a l&#8217;\u00e0mbit d&#8217;educaci\u00f3 visual i pl\u00e0stica \u00e9s la d&#8217;apropar l&#8217;art al nostre alumnat amb artistes. A Guissona, comptem amb l&#8217;artista local Joan Codina Donaire i l&#8217;hem convidat a compartir la seva experi\u00e8ncia art\u00edstica amb nosaltres. Ens ha portat algunes de les seves obres, ens ha explicat com s&#8217;inspiria i qu\u00e8 vol transmetre amb els seus quadres i actuacions art\u00edstiques, han estat algunes de les moltes coses que hem apr\u00e8s amb ell. Moltes gr\u00e0cies per venir i no deixem mai de dibuixar!<\/p>\n<p><a href=\"https:\/\/photos.app.goo.gl\/Bhk4gw1hDzwhg77j9\">Taller a l&#8217;alumnat de 4t<\/a><\/p>\n<p><a href=\"https:\/\/photos.app.goo.gl\/GEgDmkkRG8fMSTXE6\">Taller a l&#8217;alumnat de 3r<\/a><\/p>\n<p>&nbsp;<\/p>\n<p><img decoding=\"async\" src=\"https:\/\/lh3.googleusercontent.com\/cAffj46nggci-UxkdGUnDKz5jEHDLRylVNCy82BhFnoyuP38iikE2YMjCpSWJcDY4dDvcGKxSL_Al-6vr7De45sbZn70bB7Ml4CZZAo3Fk__eTIrF1njLpLWYIUw-HD3Uu1vX1rsTugVHqeiVnUH4bBFBLyCwniZVGUFcC1e6QYaFQJ9STLLgF0RkV65hTRJ3PFtmQzYc6rOrZf394kvRQT7lvdVeYyWxmycU4ocrdU51EHx8n46QFs-Dr1WRWgfwSIDoWQ6EnGKQ5xwgZEFYKRs8kzrcZks385trpLDNDB_uHD7TtXe8kNoot3Ni0ONKxauTzGK3NPCg2EhWI9KzYqOppRwVezS4icL26JDsz0exw1yQOZSEb-jKPjQ5rERpMviJlRl2XI1G7gXKAX36Pt--MQtQ6I5BQ-bygi_UbvYNwlDaZRZJgmSrrUYGa7bVmWhr7aYNgvjhtto2ZP6WAyeSuuUKwhtYcNxSGqTANTenTentbPLWYgMR_6jLoZ9AlwHA1UH5_0JKWOTTCItwaZZvVrPxU5yQncxt48vKnR0qGruAWFFhzahcL_ESb4xHDDyR756sTJ5ZrV4YDPGECqBFPOVq1nj7Rc8l8Ie6CDsCPMcfV4PbJ_df65inqwP3-0HKInxH16MdbDTMSuGxHY27KoJGjPh-tW70YIjb1-b9WTOzyXZjqWgjUh6=w876-h657-no?authuser=0\" \/><\/p>\n","protected":false},"excerpt":{"rendered":"<p>Una de les activitats planificades durant el 2n trimestre a l&#8217;\u00e0mbit d&#8217;educaci\u00f3 visual i pl\u00e0stica \u00e9s la d&#8217;apropar l&#8217;art al nostre alumnat amb artistes. A Guissona, comptem amb l&#8217;artista local Joan Codina Donaire i l&#8217;hem convidat a compartir la seva experi\u00e8ncia art\u00edstica amb nosaltres. Ens&hellip;  <a href=\"https:\/\/agora.xtec.cat\/ceipramonestadella\/general\/ens-visita-lartista-joan-codina-donaire\/\" title=\"Read ENS VISITA L&#8217;ARTISTA JOAN CODINA DONAIRE\">Llegeix m\u00e9s\u00bb<\/a><\/p>\n","protected":false},"author":6,"featured_media":0,"comment_status":"open","ping_status":"closed","sticky":false,"template":"","format":"standard","meta":{"_bbp_topic_count":0,"_bbp_reply_count":0,"_bbp_total_topic_count":0,"_bbp_total_reply_count":0,"_bbp_voice_count":0,"_bbp_anonymous_reply_count":0,"_bbp_topic_count_hidden":0,"_bbp_reply_count_hidden":0,"_bbp_forum_subforum_count":0,"footnotes":""},"categories":[1],"tags":[70,1035,703,534],"class_list":["post-11565","post","type-post","status-publish","format-standard","hentry","category-general","tag-cicle-mitja","tag-educacio-artistica","tag-quart","tag-tercer"],"post_mailing_queue_ids":[],"_links":{"self":[{"href":"https:\/\/agora.xtec.cat\/ceipramonestadella\/wp-json\/wp\/v2\/posts\/11565","targetHints":{"allow":["GET"]}}],"collection":[{"href":"https:\/\/agora.xtec.cat\/ceipramonestadella\/wp-json\/wp\/v2\/posts"}],"about":[{"href":"https:\/\/agora.xtec.cat\/ceipramonestadella\/wp-json\/wp\/v2\/types\/post"}],"author":[{"embeddable":true,"href":"https:\/\/agora.xtec.cat\/ceipramonestadella\/wp-json\/wp\/v2\/users\/6"}],"replies":[{"embeddable":true,"href":"https:\/\/agora.xtec.cat\/ceipramonestadella\/wp-json\/wp\/v2\/comments?post=11565"}],"version-history":[{"count":2,"href":"https:\/\/agora.xtec.cat\/ceipramonestadella\/wp-json\/wp\/v2\/posts\/11565\/revisions"}],"predecessor-version":[{"id":11567,"href":"https:\/\/agora.xtec.cat\/ceipramonestadella\/wp-json\/wp\/v2\/posts\/11565\/revisions\/11567"}],"wp:attachment":[{"href":"https:\/\/agora.xtec.cat\/ceipramonestadella\/wp-json\/wp\/v2\/media?parent=11565"}],"wp:term":[{"taxonomy":"category","embeddable":true,"href":"https:\/\/agora.xtec.cat\/ceipramonestadella\/wp-json\/wp\/v2\/categories?post=11565"},{"taxonomy":"post_tag","embeddable":true,"href":"https:\/\/agora.xtec.cat\/ceipramonestadella\/wp-json\/wp\/v2\/tags?post=11565"}],"curies":[{"name":"wp","href":"https:\/\/api.w.org\/{rel}","templated":true}]}}