{"id":11461,"date":"2021-02-21T19:36:50","date_gmt":"2021-02-21T18:36:50","guid":{"rendered":"http:\/\/agora.xtec.cat\/ceipramonestadella\/?p=11461"},"modified":"2021-02-23T10:40:06","modified_gmt":"2021-02-23T09:40:06","slug":"dia-internacional-de-la-llengua-materna-a-6e","status":"publish","type":"post","link":"https:\/\/agora.xtec.cat\/ceipramonestadella\/general\/cicle-superior\/dia-internacional-de-la-llengua-materna-a-6e\/","title":{"rendered":"Dia internacional de la llengua materna a 6\u00e8"},"content":{"rendered":"<p>Com b\u00e9 sabeu, el dia 21 de febrer \u00e9s el Dia Internacional de la Llengua Materna. Cada any, a l&#8217;escola f\u00e8iem festa grossa, convidant a les fam\u00edlies de les diferents nacionalitats per aprendre coses de les seves cultures i tradicions. Enguany per\u00f2, hem hagut de fer-ho d&#8217;una altra manera, amb nom\u00e9s els nostres grups bombolla per\u00f2, l&#8217;alumnat de 6\u00e8 ens ho hem preparat d&#8217;all\u00f2 m\u00e9s b\u00e9 i hem apr\u00e8s moltes coses de les cultures i tradicions dels nostres companys i companyes.<\/p>\n<p>Hem parlat de gastronomia, banderes, danses, religions, llocs d&#8217;inter\u00e8s, monedes, personatges famosos i un llarg etc\u00e8tera que podreu anar veient en les diferents presentacions en format pdf que hem fet els i les alumnes i que us anirem afegint en aquest article.<\/p>\n<p><span style=\"color: #000000; background-color: #ffff00;\"><a style=\"color: #000000; background-color: #ffff00;\" href=\"https:\/\/agora.xtec.cat\/ceipramonestadella\/wp-content\/uploads\/usu385\/2021\/02\/llengu\u0308es-maternes-Catalunya.pdf\" target=\"_blank\" rel=\"noopener noreferrer\">Presentaci\u00f3: llengu\u0308es maternes Catalunya (veure pdf)<\/a><\/span><\/p>\n<p><span style=\"color: #000000; background-color: #ffff00;\">Presentaci\u00f3: <a style=\"color: #000000; background-color: #ffff00;\" href=\"https:\/\/agora.xtec.cat\/ceipramonestadella\/wp-content\/uploads\/usu385\/2021\/02\/llengu\u0308es-maternes-Bulga\u0300ria.pdf\">llengu\u0308es maternes Bulga\u0300ria<\/a> (veure pdf)<\/span><\/p>\n<p><span style=\"background-color: #ffff00; color: #000000;\"><a style=\"background-color: #ffff00; color: #000000;\" href=\"https:\/\/agora.xtec.cat\/ceipramonestadella\/wp-content\/uploads\/usu385\/2021\/02\/lleng\u00fces-maternes-Ucra\u00efna.pdf\">Presentaci\u00f3: lleng\u00fces maternes Ucra\u00efna (veure pdf)<\/a><\/span><\/p>\n<p><span style=\"color: #000000; background-color: #ffff00;\"><a style=\"color: #000000; background-color: #ffff00;\" href=\"https:\/\/agora.xtec.cat\/ceipramonestadella\/wp-content\/uploads\/usu385\/2021\/02\/lleng\u00fces-maternes-Romania.pdf\">Presentaci\u00f3: lleng\u00fces maternes Romania<\/a> (veure pdf)<\/span><\/p>\n<p>Tamb\u00e9 podeu veure les fotos fent clic al seg\u00fcent enlla\u00e7:<\/p>\n<p><a href=\"https:\/\/photos.app.goo.gl\/VXEF387gZKXrCFLX8\">https:\/\/photos.app.goo.gl\/VXEF387gZKXrCFLX8<\/a><\/p>\n<p><a href=\"https:\/\/agora.xtec.cat\/ceipramonestadella\/wp-content\/uploads\/usu385\/2021\/02\/IMG_1465.jpg\"><img loading=\"lazy\" decoding=\"async\" class=\"alignnone size-medium wp-image-11464\" src=\"https:\/\/agora.xtec.cat\/ceipramonestadella\/wp-content\/uploads\/usu385\/2021\/02\/IMG_1465-300x225.jpg\" alt=\"\" width=\"300\" height=\"225\" srcset=\"https:\/\/agora.xtec.cat\/ceipramonestadella\/wp-content\/uploads\/usu385\/2021\/02\/IMG_1465-300x225.jpg 300w, https:\/\/agora.xtec.cat\/ceipramonestadella\/wp-content\/uploads\/usu385\/2021\/02\/IMG_1465-768x576.jpg 768w, https:\/\/agora.xtec.cat\/ceipramonestadella\/wp-content\/uploads\/usu385\/2021\/02\/IMG_1465-1024x768.jpg 1024w, https:\/\/agora.xtec.cat\/ceipramonestadella\/wp-content\/uploads\/usu385\/2021\/02\/IMG_1465-200x150.jpg 200w, https:\/\/agora.xtec.cat\/ceipramonestadella\/wp-content\/uploads\/usu385\/2021\/02\/IMG_1465.jpg 1095w\" sizes=\"auto, (max-width: 300px) 100vw, 300px\" \/><\/a><\/p>\n<p>&nbsp;<\/p>\n","protected":false},"excerpt":{"rendered":"<p>Com b\u00e9 sabeu, el dia 21 de febrer \u00e9s el Dia Internacional de la Llengua Materna. Cada any, a l&#8217;escola f\u00e8iem festa grossa, convidant a les fam\u00edlies de les diferents nacionalitats per aprendre coses de les seves cultures i tradicions. Enguany per\u00f2, hem hagut de&hellip;  <a href=\"https:\/\/agora.xtec.cat\/ceipramonestadella\/general\/cicle-superior\/dia-internacional-de-la-llengua-materna-a-6e\/\" title=\"Read Dia internacional de la llengua materna a 6\u00e8\">Llegeix m\u00e9s\u00bb<\/a><\/p>\n","protected":false},"author":8,"featured_media":1793,"comment_status":"open","ping_status":"closed","sticky":false,"template":"","format":"standard","meta":{"_bbp_topic_count":0,"_bbp_reply_count":0,"_bbp_total_topic_count":0,"_bbp_total_reply_count":0,"_bbp_voice_count":0,"_bbp_anonymous_reply_count":0,"_bbp_topic_count_hidden":0,"_bbp_reply_count_hidden":0,"_bbp_forum_subforum_count":0,"footnotes":""},"categories":[390,245,1025],"tags":[409,71],"class_list":["post-11461","post","type-post","status-publish","format-standard","has-post-thumbnail","hentry","category-6e","category-cicle-superior","category-llengues-maternes","tag-6e","tag-cicle-superior"],"post_mailing_queue_ids":[],"_links":{"self":[{"href":"https:\/\/agora.xtec.cat\/ceipramonestadella\/wp-json\/wp\/v2\/posts\/11461","targetHints":{"allow":["GET"]}}],"collection":[{"href":"https:\/\/agora.xtec.cat\/ceipramonestadella\/wp-json\/wp\/v2\/posts"}],"about":[{"href":"https:\/\/agora.xtec.cat\/ceipramonestadella\/wp-json\/wp\/v2\/types\/post"}],"author":[{"embeddable":true,"href":"https:\/\/agora.xtec.cat\/ceipramonestadella\/wp-json\/wp\/v2\/users\/8"}],"replies":[{"embeddable":true,"href":"https:\/\/agora.xtec.cat\/ceipramonestadella\/wp-json\/wp\/v2\/comments?post=11461"}],"version-history":[{"count":4,"href":"https:\/\/agora.xtec.cat\/ceipramonestadella\/wp-json\/wp\/v2\/posts\/11461\/revisions"}],"predecessor-version":[{"id":11496,"href":"https:\/\/agora.xtec.cat\/ceipramonestadella\/wp-json\/wp\/v2\/posts\/11461\/revisions\/11496"}],"wp:featuredmedia":[{"embeddable":true,"href":"https:\/\/agora.xtec.cat\/ceipramonestadella\/wp-json\/wp\/v2\/media\/1793"}],"wp:attachment":[{"href":"https:\/\/agora.xtec.cat\/ceipramonestadella\/wp-json\/wp\/v2\/media?parent=11461"}],"wp:term":[{"taxonomy":"category","embeddable":true,"href":"https:\/\/agora.xtec.cat\/ceipramonestadella\/wp-json\/wp\/v2\/categories?post=11461"},{"taxonomy":"post_tag","embeddable":true,"href":"https:\/\/agora.xtec.cat\/ceipramonestadella\/wp-json\/wp\/v2\/tags?post=11461"}],"curies":[{"name":"wp","href":"https:\/\/api.w.org\/{rel}","templated":true}]}}