{"id":11433,"date":"2021-02-23T11:52:04","date_gmt":"2021-02-23T10:52:04","guid":{"rendered":"http:\/\/agora.xtec.cat\/ceipramonestadella\/?p=11433"},"modified":"2021-02-23T12:01:28","modified_gmt":"2021-02-23T11:01:28","slug":"coneixem-catalunya-entrevistem-a-lalcalde-de-guissona","status":"publish","type":"post","link":"https:\/\/agora.xtec.cat\/ceipramonestadella\/general\/coneixem-catalunya-entrevistem-a-lalcalde-de-guissona\/","title":{"rendered":"CONEIXEM CATALUNYA &#8211; ENTREVISTEM A L&#8217;ALCALDE DE GUISSONA"},"content":{"rendered":"<p>Ja fa unes setmanes que estem buscant, llegint, escoltant i descobrint informacions de la terra on vivim. Catalunya, les seves caracter\u00edstiques principals de relleu, vegetaci\u00f3, la seva hidrografia, els sectors econ\u00f2mics i d&#8217;altres aspectes aix\u00ed com l&#8217;organitzaci\u00f3 territorial, el nom de les comarques i les capitals,&#8230; i tot aix\u00f2 ens est\u00e0 demostrant que vivim en una terra rica i plena de contrastos.<\/p>\n<p>Ahir al mat\u00ed ,22 de febrer, vam fer la visita a l&#8217;ajuntament i hem pogut entrevistar al president del Consell Comarcal amb una videotrucada i a l&#8217;alcalde. Ens ha respost a un munt de preguntes\u00a0 i\u00a0 ens ha explicat moltes coses. Per acabar hem fer un simulacre d&#8217;eleccions. Ens han obsequiat amb un coll i un bol\u00edgraf.<\/p>\n<p>Ha estat una visita molt enriquidora. Ens agrada con\u00e8ixer el lloc on vivim per poder gaudir-lo i a la vegada, treballar per preservar l&#8217;entorn i millorar-lo. Aqu\u00ed us deixem unes imatges!<\/p>\n<p><a href=\"https:\/\/photos.app.goo.gl\/s7LZhVNcRPxqdG78A\">TREBALLEM PER PARELLES PER OMPLIR UN QUADRE RESUM DE CATALUNYA I LES SEVES CARACTER\u00cdSTIQUES<\/a><\/p>\n<p><a href=\"https:\/\/photos.app.goo.gl\/mmCuwPb1znQTQPjj9\">Visitem l&#8217;ajuntament de Guissona, entrevistem al president del Consell Comarcal, el sr. Francesc Lluch i a l&#8217;alcalde, el sr. Jaume Ars i Bosch.<\/a><\/p>\n<p>&nbsp;<\/p>\n<p><img decoding=\"async\" src=\"https:\/\/lh3.googleusercontent.com\/s3OpfJ3niHn4HvGwHBQm42ee91BbdrXiY_ZQp0dz7UJm8XPtTI5gL0p1gJaWu8r-zX9wh-tYFSbpHd4B7WbOywPr6LuYIB6kP5VZ-zMXBgmshULIOFEUbSfQGN32krIjWBNOStAgyIwqob4ITM6EFegHw94COOxqAWv1XCTYE6ADlwCtUm0lnbn7UTsFmvaawtvc89e2Zr81lkdEfuYrUmNw9tLmDC3rtQ0O8ezqX8TEQHgAdTibDMZHJa2MQfPZF_cXFn8Zb27FGwZw4rfZ1Fbh-YLuQhdJBCQd1L__esKJ24O4qBETCGfjoNZ9GjuDUBdNWWkf3hQyfXmAwpEZ8Om2ansUZXrIJWUjSlGkIgWAUlRqJQ-tD5waBkkIMqjvDBW9iyaXEilma8I9kXh_IT-s7Kg6vu5v-7ZSwaxidkzBe07QDLyfA2hOVWDg-BwWYwjPcSpNeLx9yb3H5cXZ8EAglbrze2vJEcWSAHPaClFHKSWm8_iGVzaatijG3I0sP9pvfhEMHfoV18S5VCpASrbSax9iwIwTnRgGlBhoF5hl9GuWXqI3BjTOrnOSs_FHLkxJkGD3fPisLsuGWBCdhqsR9UPrGhOWqbW8MbiqjfnqjG_cL90Kgmp_LI_G0AoqZt60LHSeDGrWaqNKygRgmEhVlJ6eR8XeF4GZWdv-AdVofEoeOwlPMxPJPKXp=w1170-h657-no?authuser=0\" \/><\/p>\n","protected":false},"excerpt":{"rendered":"<p>Ja fa unes setmanes que estem buscant, llegint, escoltant i descobrint informacions de la terra on vivim. Catalunya, les seves caracter\u00edstiques principals de relleu, vegetaci\u00f3, la seva hidrografia, els sectors econ\u00f2mics i d&#8217;altres aspectes aix\u00ed com l&#8217;organitzaci\u00f3 territorial, el nom de les comarques i les&hellip;  <a href=\"https:\/\/agora.xtec.cat\/ceipramonestadella\/general\/coneixem-catalunya-entrevistem-a-lalcalde-de-guissona\/\" title=\"Read CONEIXEM CATALUNYA &#8211; ENTREVISTEM A L&#8217;ALCALDE DE GUISSONA\">Llegeix m\u00e9s\u00bb<\/a><\/p>\n","protected":false},"author":6,"featured_media":0,"comment_status":"open","ping_status":"closed","sticky":false,"template":"","format":"standard","meta":{"_bbp_topic_count":0,"_bbp_reply_count":0,"_bbp_total_topic_count":0,"_bbp_total_reply_count":0,"_bbp_voice_count":0,"_bbp_anonymous_reply_count":0,"_bbp_topic_count_hidden":0,"_bbp_reply_count_hidden":0,"_bbp_forum_subforum_count":0,"footnotes":""},"categories":[388,244,417,1,414,317,328],"tags":[],"class_list":["post-11433","post","type-post","status-publish","format-standard","hentry","category-4t","category-cicle-mitja","category-cicle-mitja-2","category-general","category-projectes","category-segarra","category-sortida"],"post_mailing_queue_ids":[],"_links":{"self":[{"href":"https:\/\/agora.xtec.cat\/ceipramonestadella\/wp-json\/wp\/v2\/posts\/11433","targetHints":{"allow":["GET"]}}],"collection":[{"href":"https:\/\/agora.xtec.cat\/ceipramonestadella\/wp-json\/wp\/v2\/posts"}],"about":[{"href":"https:\/\/agora.xtec.cat\/ceipramonestadella\/wp-json\/wp\/v2\/types\/post"}],"author":[{"embeddable":true,"href":"https:\/\/agora.xtec.cat\/ceipramonestadella\/wp-json\/wp\/v2\/users\/6"}],"replies":[{"embeddable":true,"href":"https:\/\/agora.xtec.cat\/ceipramonestadella\/wp-json\/wp\/v2\/comments?post=11433"}],"version-history":[{"count":3,"href":"https:\/\/agora.xtec.cat\/ceipramonestadella\/wp-json\/wp\/v2\/posts\/11433\/revisions"}],"predecessor-version":[{"id":11501,"href":"https:\/\/agora.xtec.cat\/ceipramonestadella\/wp-json\/wp\/v2\/posts\/11433\/revisions\/11501"}],"wp:attachment":[{"href":"https:\/\/agora.xtec.cat\/ceipramonestadella\/wp-json\/wp\/v2\/media?parent=11433"}],"wp:term":[{"taxonomy":"category","embeddable":true,"href":"https:\/\/agora.xtec.cat\/ceipramonestadella\/wp-json\/wp\/v2\/categories?post=11433"},{"taxonomy":"post_tag","embeddable":true,"href":"https:\/\/agora.xtec.cat\/ceipramonestadella\/wp-json\/wp\/v2\/tags?post=11433"}],"curies":[{"name":"wp","href":"https:\/\/api.w.org\/{rel}","templated":true}]}}