{"id":11300,"date":"2021-02-09T18:52:26","date_gmt":"2021-02-09T17:52:26","guid":{"rendered":"http:\/\/agora.xtec.cat\/ceipramonestadella\/?p=11300"},"modified":"2021-02-09T18:52:26","modified_gmt":"2021-02-09T17:52:26","slug":"les-matematiques-que-ens-fan-pensar-i-molt","status":"publish","type":"post","link":"https:\/\/agora.xtec.cat\/ceipramonestadella\/general\/cicle-mitja\/les-matematiques-que-ens-fan-pensar-i-molt\/","title":{"rendered":"LES MATEM\u00c0TIQUES QUE ENS FAN PENSAR&#8230; I MOLT!"},"content":{"rendered":"<p>Ja portem uns quants mesos, amb una nova metodologia de treball a l`\u00e0rea de matem\u00e0tiques. El treball a en petits grups a partir de reptes per treballar les diverses dimensions de l&#8217;\u00e0rea i les sessions per treballar la numeraci\u00f3 i el c\u00e0lcul, tant en grup classe com individualment amb una app, en s\u00f3n les protagonistes. Us deixem algunes imatges que expliquen el treball que anem fent a l&#8217;escola i que, si pregunteu als infants a casa, segur que us expliquen un munt de coses, jocs, an\u00e8cdotes i bones estones&#8230;ah! I alguna cosa nova que han descobert o apr\u00e8s. Aprenem i ens divertim!<\/p>\n<p><a href=\"https:\/\/photos.app.goo.gl\/ey7pwkEohs2v9q5z8\">https:\/\/photos.app.goo.gl\/ey7pwkEohs2v9q5z8<\/a><\/p>\n<p><img decoding=\"async\" src=\"https:\/\/lh3.googleusercontent.com\/CaHnlhO6C-Kovg2zT6Nxia55RnGRwZMaI3GkD0AYLeSWaPfOr1OG90BJoFmQTBusxkBEModrCA_YSeSJlAa78xsNxAKtqfmKsYaKndIFaa8BcuGocP2jfGWwm0bScMrjoxfFWTiKqOMbmlOSHaOwGTKMrkGph8lCFEfeYsm0_Mua2ob8i7SsYgjEJ6oR81gp1jlSeE1UHpHL3JIjgFSea8Szcp-rwH9vZVF_ATqDD1B9Dfy0uTiiLrgqkrSrCriCUfAmtodPORzJSQsQAWxwhBVZ90RxjLB0E7mD33pIBMv07xbeXqEjXtkfSKaawJ1hHzZqNJB812ekHRpGkfUEdO_N0giv5ORtsWm5lyzxcA2lFFIJO2Y2qUaZr-YAzvXBtMtJv1X8-OH46jaxdGR82RCpt0Cqhabv6WiIk1dRzVeRRgs4pcZYxJO3zvL6muiPgocTq2VA2PXaBylkDgsNn0u4T532SJ6b_Wk5BDbcDURdZpnnOXxtH5uBq-JPXnySYkGZe6DYdkau9eCzFKqZ5O15Aqt1nDjLkHpk-QhukJ6N4F-P5Kfc7JN5AKFQpBTSzeLlfqCm0qgwgkTEeRxlr5xTliMl_0kKnL_cBzr9HFsVZeGDFmI1GRyoolVOwc8xlL0It7wxzn-yuzm2tLjpXI3pPhlSQeTFonRKl0QgjJVDFMIMLoA3wSB_GtiB=w293-h220-no?authuser=1\" \/><\/p>\n<p>&nbsp;<\/p>\n","protected":false},"excerpt":{"rendered":"<p>Ja portem uns quants mesos, amb una nova metodologia de treball a l`\u00e0rea de matem\u00e0tiques. El treball a en petits grups a partir de reptes per treballar les diverses dimensions de l&#8217;\u00e0rea i les sessions per treballar la numeraci\u00f3 i el c\u00e0lcul, tant en grup&hellip;  <a href=\"https:\/\/agora.xtec.cat\/ceipramonestadella\/general\/cicle-mitja\/les-matematiques-que-ens-fan-pensar-i-molt\/\" title=\"Read LES MATEM\u00c0TIQUES QUE ENS FAN PENSAR&#8230; I MOLT!\">Llegeix m\u00e9s\u00bb<\/a><\/p>\n","protected":false},"author":6,"featured_media":0,"comment_status":"open","ping_status":"closed","sticky":false,"template":"","format":"standard","meta":{"_bbp_topic_count":0,"_bbp_reply_count":0,"_bbp_total_topic_count":0,"_bbp_total_reply_count":0,"_bbp_voice_count":0,"_bbp_anonymous_reply_count":0,"_bbp_topic_count_hidden":0,"_bbp_reply_count_hidden":0,"_bbp_forum_subforum_count":0,"footnotes":""},"categories":[388,244,417,268],"tags":[],"class_list":["post-11300","post","type-post","status-publish","format-standard","hentry","category-4t","category-cicle-mitja","category-cicle-mitja-2","category-matematiques"],"post_mailing_queue_ids":[],"_links":{"self":[{"href":"https:\/\/agora.xtec.cat\/ceipramonestadella\/wp-json\/wp\/v2\/posts\/11300","targetHints":{"allow":["GET"]}}],"collection":[{"href":"https:\/\/agora.xtec.cat\/ceipramonestadella\/wp-json\/wp\/v2\/posts"}],"about":[{"href":"https:\/\/agora.xtec.cat\/ceipramonestadella\/wp-json\/wp\/v2\/types\/post"}],"author":[{"embeddable":true,"href":"https:\/\/agora.xtec.cat\/ceipramonestadella\/wp-json\/wp\/v2\/users\/6"}],"replies":[{"embeddable":true,"href":"https:\/\/agora.xtec.cat\/ceipramonestadella\/wp-json\/wp\/v2\/comments?post=11300"}],"version-history":[{"count":1,"href":"https:\/\/agora.xtec.cat\/ceipramonestadella\/wp-json\/wp\/v2\/posts\/11300\/revisions"}],"predecessor-version":[{"id":11301,"href":"https:\/\/agora.xtec.cat\/ceipramonestadella\/wp-json\/wp\/v2\/posts\/11300\/revisions\/11301"}],"wp:attachment":[{"href":"https:\/\/agora.xtec.cat\/ceipramonestadella\/wp-json\/wp\/v2\/media?parent=11300"}],"wp:term":[{"taxonomy":"category","embeddable":true,"href":"https:\/\/agora.xtec.cat\/ceipramonestadella\/wp-json\/wp\/v2\/categories?post=11300"},{"taxonomy":"post_tag","embeddable":true,"href":"https:\/\/agora.xtec.cat\/ceipramonestadella\/wp-json\/wp\/v2\/tags?post=11300"}],"curies":[{"name":"wp","href":"https:\/\/api.w.org\/{rel}","templated":true}]}}