{"id":11135,"date":"2021-01-22T20:48:36","date_gmt":"2021-01-22T19:48:36","guid":{"rendered":"http:\/\/agora.xtec.cat\/ceipramonestadella\/?p=11135"},"modified":"2021-01-22T20:48:57","modified_gmt":"2021-01-22T19:48:57","slug":"qui-ha-dit-que-no-pot-ser-divertida-una-tempesta","status":"publish","type":"post","link":"https:\/\/agora.xtec.cat\/ceipramonestadella\/general\/educacio-infantil\/qui-ha-dit-que-no-pot-ser-divertida-una-tempesta\/","title":{"rendered":"QUI HA DIT QUE NO POT SER DIVERTIDA UNA TEMPESTA?"},"content":{"rendered":"<p>Sembla que aquest any 2021 t\u00e9 ganes de mostrar-nos tota la climatologia possible&#8230; Al mat\u00ed semblava que seria un dia gris i trist amb la forta tempesta i pedregada, per\u00f2 no hi ha res que pugui impedir que la classe dels Dofins ens ho passem d&#8217;all\u00f2 m\u00e9s b\u00e9!!! Ja vam jugar i experimentar amb la neu&#8230; <strong>i avui ha tocat amb les pedres de gel!!!<\/strong><\/p>\n<p>Sab\u00edeu que quan es desfan es converteixen en aigua?????? Nosaltres avui ho hem vist en directe!<\/p>\n<p>Si ho voleu veure vosaltres tamb\u00e9, <a href=\"https:\/\/photos.app.goo.gl\/AU3afKFpVuaDmSyH8\">feu clic aqu\u00ed<\/a>.<\/p>\n<p><a href=\"https:\/\/agora.xtec.cat\/ceipramonestadella\/wp-content\/uploads\/usu385\/2021\/01\/IMG_20210122_105612_357.jpg\"><img loading=\"lazy\" decoding=\"async\" class=\"aligncenter wp-image-11136\" src=\"https:\/\/agora.xtec.cat\/ceipramonestadella\/wp-content\/uploads\/usu385\/2021\/01\/IMG_20210122_105612_357-1024x759.jpg\" alt=\"\" width=\"521\" height=\"386\" srcset=\"https:\/\/agora.xtec.cat\/ceipramonestadella\/wp-content\/uploads\/usu385\/2021\/01\/IMG_20210122_105612_357-1024x759.jpg 1024w, https:\/\/agora.xtec.cat\/ceipramonestadella\/wp-content\/uploads\/usu385\/2021\/01\/IMG_20210122_105612_357-300x222.jpg 300w, https:\/\/agora.xtec.cat\/ceipramonestadella\/wp-content\/uploads\/usu385\/2021\/01\/IMG_20210122_105612_357-768x569.jpg 768w, https:\/\/agora.xtec.cat\/ceipramonestadella\/wp-content\/uploads\/usu385\/2021\/01\/IMG_20210122_105612_357.jpg 1600w\" sizes=\"auto, (max-width: 521px) 100vw, 521px\" \/><\/a><\/p>\n","protected":false},"excerpt":{"rendered":"<p>Sembla que aquest any 2021 t\u00e9 ganes de mostrar-nos tota la climatologia possible&#8230; Al mat\u00ed semblava que seria un dia gris i trist amb la forta tempesta i pedregada, per\u00f2 no hi ha res que pugui impedir que la classe dels Dofins ens ho passem&hellip;  <a href=\"https:\/\/agora.xtec.cat\/ceipramonestadella\/general\/educacio-infantil\/qui-ha-dit-que-no-pot-ser-divertida-una-tempesta\/\" title=\"Read QUI HA DIT QUE NO POT SER DIVERTIDA UNA TEMPESTA?\">Llegeix m\u00e9s\u00bb<\/a><\/p>\n","protected":false},"author":9,"featured_media":0,"comment_status":"open","ping_status":"closed","sticky":false,"template":"","format":"standard","meta":{"_bbp_topic_count":0,"_bbp_reply_count":0,"_bbp_total_topic_count":0,"_bbp_total_reply_count":0,"_bbp_voice_count":0,"_bbp_anonymous_reply_count":0,"_bbp_topic_count_hidden":0,"_bbp_reply_count_hidden":0,"_bbp_forum_subforum_count":0,"footnotes":""},"categories":[246,401,930,348,249,425],"tags":[72,827,391,424],"class_list":["post-11135","post","type-post","status-publish","format-standard","hentry","category-educacio-infantil","category-educacio-infantil-2","category-educacio-infantil-3","category-ei","category-infantil","category-p5-a","tag-educacio-infantil","tag-educacio-infantil-p5-a","tag-general","tag-p5-a"],"post_mailing_queue_ids":[],"_links":{"self":[{"href":"https:\/\/agora.xtec.cat\/ceipramonestadella\/wp-json\/wp\/v2\/posts\/11135","targetHints":{"allow":["GET"]}}],"collection":[{"href":"https:\/\/agora.xtec.cat\/ceipramonestadella\/wp-json\/wp\/v2\/posts"}],"about":[{"href":"https:\/\/agora.xtec.cat\/ceipramonestadella\/wp-json\/wp\/v2\/types\/post"}],"author":[{"embeddable":true,"href":"https:\/\/agora.xtec.cat\/ceipramonestadella\/wp-json\/wp\/v2\/users\/9"}],"replies":[{"embeddable":true,"href":"https:\/\/agora.xtec.cat\/ceipramonestadella\/wp-json\/wp\/v2\/comments?post=11135"}],"version-history":[{"count":2,"href":"https:\/\/agora.xtec.cat\/ceipramonestadella\/wp-json\/wp\/v2\/posts\/11135\/revisions"}],"predecessor-version":[{"id":11138,"href":"https:\/\/agora.xtec.cat\/ceipramonestadella\/wp-json\/wp\/v2\/posts\/11135\/revisions\/11138"}],"wp:attachment":[{"href":"https:\/\/agora.xtec.cat\/ceipramonestadella\/wp-json\/wp\/v2\/media?parent=11135"}],"wp:term":[{"taxonomy":"category","embeddable":true,"href":"https:\/\/agora.xtec.cat\/ceipramonestadella\/wp-json\/wp\/v2\/categories?post=11135"},{"taxonomy":"post_tag","embeddable":true,"href":"https:\/\/agora.xtec.cat\/ceipramonestadella\/wp-json\/wp\/v2\/tags?post=11135"}],"curies":[{"name":"wp","href":"https:\/\/api.w.org\/{rel}","templated":true}]}}