{"id":10987,"date":"2020-12-09T09:46:48","date_gmt":"2020-12-09T08:46:48","guid":{"rendered":"http:\/\/agora.xtec.cat\/ceipramonestadella\/?p=10987"},"modified":"2020-12-09T09:46:48","modified_gmt":"2020-12-09T08:46:48","slug":"video-felicitacio-dels-alumnes-de-5e-als-avis-de-la-fundacio","status":"publish","type":"post","link":"https:\/\/agora.xtec.cat\/ceipramonestadella\/general\/video-felicitacio-dels-alumnes-de-5e-als-avis-de-la-fundacio\/","title":{"rendered":"VIDEO \/FELICITACI\u00d3 DELS ALUMNES DE 5\u00e8 ALS AVIS DE LA FUNDACI\u00d3"},"content":{"rendered":"<p>Cada any, els alumnes de 5\u00e8\u00a0 l&#8217;escola Ramon Estadella, per aquestes dades, anem a la fundaci\u00f3 a cantar i ballar unes nadales per a animar-los les festes als avis i al personal que hi treballa, que tant b\u00e9 ens tracta sempre.<\/p>\n<p>Per culpa de la situaci\u00f3 actual, no podrem anar-hi aquest desembre. Per aquest motiu, hem decidit fer aquest muntatge per felicitar-los les festes i aportar el nostre granet de sorra. Si els agrada la meitat del que ens ha agradat a nosaltres fer-lo&#8230;ja ens donarem per satisfets. Esperem que us agradi a vosaltres tamb\u00e9.<\/p>\n<p><a href=\"https:\/\/youtu.be\/H0rqvN2Cggw\">https:\/\/youtu.be\/H0rqvN2Cggw<\/a><\/p>\n<p>&nbsp;<\/p>\n","protected":false},"excerpt":{"rendered":"<p>Cada any, els alumnes de 5\u00e8\u00a0 l&#8217;escola Ramon Estadella, per aquestes dades, anem a la fundaci\u00f3 a cantar i ballar unes nadales per a animar-los les festes als avis i al personal que hi treballa, que tant b\u00e9 ens tracta sempre.<br \/>\nPer culpa de la situaci\u00f3&hellip;  <a href=\"https:\/\/agora.xtec.cat\/ceipramonestadella\/general\/video-felicitacio-dels-alumnes-de-5e-als-avis-de-la-fundacio\/\" title=\"Read VIDEO \/FELICITACI\u00d3 DELS ALUMNES DE 5\u00e8 ALS AVIS DE LA FUNDACI\u00d3\">Llegeix m\u00e9s\u00bb<\/a><\/p>\n","protected":false},"author":8,"featured_media":11010,"comment_status":"open","ping_status":"closed","sticky":false,"template":"","format":"standard","meta":{"_bbp_topic_count":0,"_bbp_reply_count":0,"_bbp_total_topic_count":0,"_bbp_total_reply_count":0,"_bbp_voice_count":0,"_bbp_anonymous_reply_count":0,"_bbp_topic_count_hidden":0,"_bbp_reply_count_hidden":0,"_bbp_forum_subforum_count":0,"footnotes":""},"categories":[389,333,332,243,498,244,417,245,507,397,285,252,701,273,1,254,343],"tags":[1004,542,444,399,731,544,535,1002,1003],"class_list":["post-10987","post","type-post","status-publish","format-standard","has-post-thumbnail","hentry","category-5e","category-avies","category-avis","category-cicle-inicial","category-cicle-inicial-2","category-cicle-mitja","category-cicle-mitja-2","category-cicle-superior","category-cicle-superior-2","category-cinque","category-escola","category-espectacle","category-foto-especial","category-fundacio","category-general","category-musica","category-nadal","tag-avies","tag-avis","tag-cicle-supeior","tag-cinque","tag-escola","tag-fundacio","tag-musica","tag-nadal","tag-video"],"post_mailing_queue_ids":[],"_links":{"self":[{"href":"https:\/\/agora.xtec.cat\/ceipramonestadella\/wp-json\/wp\/v2\/posts\/10987","targetHints":{"allow":["GET"]}}],"collection":[{"href":"https:\/\/agora.xtec.cat\/ceipramonestadella\/wp-json\/wp\/v2\/posts"}],"about":[{"href":"https:\/\/agora.xtec.cat\/ceipramonestadella\/wp-json\/wp\/v2\/types\/post"}],"author":[{"embeddable":true,"href":"https:\/\/agora.xtec.cat\/ceipramonestadella\/wp-json\/wp\/v2\/users\/8"}],"replies":[{"embeddable":true,"href":"https:\/\/agora.xtec.cat\/ceipramonestadella\/wp-json\/wp\/v2\/comments?post=10987"}],"version-history":[{"count":2,"href":"https:\/\/agora.xtec.cat\/ceipramonestadella\/wp-json\/wp\/v2\/posts\/10987\/revisions"}],"predecessor-version":[{"id":11009,"href":"https:\/\/agora.xtec.cat\/ceipramonestadella\/wp-json\/wp\/v2\/posts\/10987\/revisions\/11009"}],"wp:featuredmedia":[{"embeddable":true,"href":"https:\/\/agora.xtec.cat\/ceipramonestadella\/wp-json\/wp\/v2\/media\/11010"}],"wp:attachment":[{"href":"https:\/\/agora.xtec.cat\/ceipramonestadella\/wp-json\/wp\/v2\/media?parent=10987"}],"wp:term":[{"taxonomy":"category","embeddable":true,"href":"https:\/\/agora.xtec.cat\/ceipramonestadella\/wp-json\/wp\/v2\/categories?post=10987"},{"taxonomy":"post_tag","embeddable":true,"href":"https:\/\/agora.xtec.cat\/ceipramonestadella\/wp-json\/wp\/v2\/tags?post=10987"}],"curies":[{"name":"wp","href":"https:\/\/api.w.org\/{rel}","templated":true}]}}