{"id":10931,"date":"2020-11-25T18:33:30","date_gmt":"2020-11-25T17:33:30","guid":{"rendered":"http:\/\/agora.xtec.cat\/ceipramonestadella\/?p=10931"},"modified":"2020-11-25T18:33:43","modified_gmt":"2020-11-25T17:33:43","slug":"dia-internacional-per-leliminacio-de-la-violencia-masclista","status":"publish","type":"post","link":"https:\/\/agora.xtec.cat\/ceipramonestadella\/general\/dia-internacional-per-leliminacio-de-la-violencia-masclista\/","title":{"rendered":"DIA INTERNACIONAL PER L&#8217;ELIMINACI\u00d3  DE LA VIOL\u00c8NCIA MASCLISTA"},"content":{"rendered":"<p>&nbsp;<\/p>\n<p><span style=\"font-size: 28px;\">Avui dia 25 de novembre \u00e9s <span style=\"color: #800080;\"><strong>el dia internacional per l&#8217;eliminaci\u00f3 de la viol\u00e8ncia masclista.<\/strong> <\/span>A l&#8217;escola, ho hem treballat des de tots els cursos de diverses maneres i activitats per conscienciar a l&#8217;alumnat sobre la coeducaci\u00f3 i la igualtat. <\/span><\/p>\n<p><span style=\"font-size: 28px;\">Tamb\u00e9 hem elaborat una polsera lila per commemorar aquest dia.\u00a0 Esperem que entre tots puguem construir cada vegada una societat m\u00e9s justa on tothom pugui tenir les mateixes oportunitats.\u00a0<\/span><\/p>\n<p><img decoding=\"async\" class=\"aligncenter\" src=\"https:\/\/lh3.googleusercontent.com\/pw\/ACtC-3cSRkBwtlkg-xdutzNwqld0K0Dw-d7zyhHabOLkbFuevuFcCLej7yuz6oe7xHuX9FpoKM7JtUHG30Z4G4GR9qTaISUWQfHWRhwfKvenyab3p3ZY1yauickpN0GtNq0Q9WUQkWzrM-JtY1Jacb50Wk1tfw=w651-h867-no?authuser=1\" \/><\/p>\n<p><a href=\"https:\/\/photos.app.goo.gl\/3o3f4Jd1c6dZjjqN6\">PER VEURE FOTOS FEU CLIC AQU\u00cd <\/a><\/p>\n","protected":false},"excerpt":{"rendered":"<p>&nbsp;<br \/>\nAvui dia 25 de novembre \u00e9s el dia internacional per l&#8217;eliminaci\u00f3 de la viol\u00e8ncia masclista. A l&#8217;escola, ho hem treballat des de tots els cursos de diverses maneres i activitats per conscienciar a l&#8217;alumnat sobre la coeducaci\u00f3 i la igualtat.<br \/>\nTamb\u00e9 hem elaborat una polsera&hellip;  <a href=\"https:\/\/agora.xtec.cat\/ceipramonestadella\/general\/dia-internacional-per-leliminacio-de-la-violencia-masclista\/\" title=\"Read DIA INTERNACIONAL PER L&#8217;ELIMINACI\u00d3  DE LA VIOL\u00c8NCIA MASCLISTA\">Llegeix m\u00e9s\u00bb<\/a><\/p>\n","protected":false},"author":3,"featured_media":0,"comment_status":"open","ping_status":"closed","sticky":false,"template":"","format":"standard","meta":{"_bbp_topic_count":0,"_bbp_reply_count":0,"_bbp_total_topic_count":0,"_bbp_total_reply_count":0,"_bbp_voice_count":0,"_bbp_anonymous_reply_count":0,"_bbp_topic_count_hidden":0,"_bbp_reply_count_hidden":0,"_bbp_forum_subforum_count":0,"footnotes":""},"categories":[1],"tags":[1000,999,1001],"class_list":["post-10931","post","type-post","status-publish","format-standard","hentry","category-general","tag-coeducacio","tag-eliminacio-de-la-violencia-masclista","tag-igualtat"],"post_mailing_queue_ids":[],"_links":{"self":[{"href":"https:\/\/agora.xtec.cat\/ceipramonestadella\/wp-json\/wp\/v2\/posts\/10931","targetHints":{"allow":["GET"]}}],"collection":[{"href":"https:\/\/agora.xtec.cat\/ceipramonestadella\/wp-json\/wp\/v2\/posts"}],"about":[{"href":"https:\/\/agora.xtec.cat\/ceipramonestadella\/wp-json\/wp\/v2\/types\/post"}],"author":[{"embeddable":true,"href":"https:\/\/agora.xtec.cat\/ceipramonestadella\/wp-json\/wp\/v2\/users\/3"}],"replies":[{"embeddable":true,"href":"https:\/\/agora.xtec.cat\/ceipramonestadella\/wp-json\/wp\/v2\/comments?post=10931"}],"version-history":[{"count":2,"href":"https:\/\/agora.xtec.cat\/ceipramonestadella\/wp-json\/wp\/v2\/posts\/10931\/revisions"}],"predecessor-version":[{"id":10933,"href":"https:\/\/agora.xtec.cat\/ceipramonestadella\/wp-json\/wp\/v2\/posts\/10931\/revisions\/10933"}],"wp:attachment":[{"href":"https:\/\/agora.xtec.cat\/ceipramonestadella\/wp-json\/wp\/v2\/media?parent=10931"}],"wp:term":[{"taxonomy":"category","embeddable":true,"href":"https:\/\/agora.xtec.cat\/ceipramonestadella\/wp-json\/wp\/v2\/categories?post=10931"},{"taxonomy":"post_tag","embeddable":true,"href":"https:\/\/agora.xtec.cat\/ceipramonestadella\/wp-json\/wp\/v2\/tags?post=10931"}],"curies":[{"name":"wp","href":"https:\/\/api.w.org\/{rel}","templated":true}]}}