{"id":10450,"date":"2020-10-04T13:36:18","date_gmt":"2020-10-04T11:36:18","guid":{"rendered":"http:\/\/agora.xtec.cat\/ceipramonestadella\/?p=10450"},"modified":"2020-10-04T13:36:18","modified_gmt":"2020-10-04T11:36:18","slug":"els-primers-dies-a-1rb","status":"publish","type":"post","link":"https:\/\/agora.xtec.cat\/ceipramonestadella\/general\/cicle-inicial\/els-primers-dies-a-1rb\/","title":{"rendered":"ELS PRIMERS DIES A 1rB"},"content":{"rendered":"<p>&nbsp;<\/p>\n<p>&nbsp;<\/p>\n<p>Despr\u00e9s de tants mesos, hem tornat a l\u2019escola. Tots i totes en ten\u00edem moltes ganes!!! Malgrat que les condicions no s\u00f3n les que m\u00e9s ens agradarien si que fa un goig enorme sentir de nou la xerinola pels passadissos i les aules.<\/p>\n<p>Aquests dies els nens i les nens de 1rB hem fet moltes coses i ens hem anat adaptant a la nova situaci\u00f3. Entre elles hem pogut compartir moments de treball, de conversa, de jocs\u2026 Tamb\u00e9 hem escollit el nom de la nostra classe. Cada nen i cada nena ha proposat un nom, despr\u00e9s hem fet votacions i finalment l\u2019escollit ha estat&#8230;<\/p>\n<p>SOM LA CLASSE DE L\u2019AIGUA!!!<\/p>\n<p>Si voleu veure un petit recull fotogr\u00e0fic <a href=\"https:\/\/drive.google.com\/drive\/folders\/1OxfYx9rcrmg5BC1bl1Es4saNgyuGMndF?usp=sharing\">cliqueu aqu\u00ed.<\/a><\/p>\n<p>&nbsp;<\/p>\n<p>&nbsp;<\/p>\n<p>&nbsp;<\/p>\n","protected":false},"excerpt":{"rendered":"<p>&nbsp;<br \/>\n&nbsp;<br \/>\nDespr\u00e9s de tants mesos, hem tornat a l\u2019escola. Tots i totes en ten\u00edem moltes ganes!!! Malgrat que les condicions no s\u00f3n les que m\u00e9s ens agradarien si que fa un goig enorme sentir de nou la xerinola pels passadissos i les aules.<br \/>\nAquests dies els nens&hellip;  <a href=\"https:\/\/agora.xtec.cat\/ceipramonestadella\/general\/cicle-inicial\/els-primers-dies-a-1rb\/\" title=\"Read ELS PRIMERS DIES A 1rB\">Llegeix m\u00e9s\u00bb<\/a><\/p>\n","protected":false},"author":7,"featured_media":0,"comment_status":"open","ping_status":"closed","sticky":false,"template":"","format":"standard","meta":{"_bbp_topic_count":0,"_bbp_reply_count":0,"_bbp_total_topic_count":0,"_bbp_total_reply_count":0,"_bbp_voice_count":0,"_bbp_anonymous_reply_count":0,"_bbp_topic_count_hidden":0,"_bbp_reply_count_hidden":0,"_bbp_forum_subforum_count":0,"footnotes":""},"categories":[385,437,243,498],"tags":[405,764,426,835],"class_list":["post-10450","post","type-post","status-publish","format-standard","hentry","category-1r","category-1r-2","category-cicle-inicial","category-cicle-inicial-2","tag-1r","tag-1r-b","tag-cicld-inicial","tag-escola-ramon-estadella"],"post_mailing_queue_ids":[],"_links":{"self":[{"href":"https:\/\/agora.xtec.cat\/ceipramonestadella\/wp-json\/wp\/v2\/posts\/10450","targetHints":{"allow":["GET"]}}],"collection":[{"href":"https:\/\/agora.xtec.cat\/ceipramonestadella\/wp-json\/wp\/v2\/posts"}],"about":[{"href":"https:\/\/agora.xtec.cat\/ceipramonestadella\/wp-json\/wp\/v2\/types\/post"}],"author":[{"embeddable":true,"href":"https:\/\/agora.xtec.cat\/ceipramonestadella\/wp-json\/wp\/v2\/users\/7"}],"replies":[{"embeddable":true,"href":"https:\/\/agora.xtec.cat\/ceipramonestadella\/wp-json\/wp\/v2\/comments?post=10450"}],"version-history":[{"count":1,"href":"https:\/\/agora.xtec.cat\/ceipramonestadella\/wp-json\/wp\/v2\/posts\/10450\/revisions"}],"predecessor-version":[{"id":10451,"href":"https:\/\/agora.xtec.cat\/ceipramonestadella\/wp-json\/wp\/v2\/posts\/10450\/revisions\/10451"}],"wp:attachment":[{"href":"https:\/\/agora.xtec.cat\/ceipramonestadella\/wp-json\/wp\/v2\/media?parent=10450"}],"wp:term":[{"taxonomy":"category","embeddable":true,"href":"https:\/\/agora.xtec.cat\/ceipramonestadella\/wp-json\/wp\/v2\/categories?post=10450"},{"taxonomy":"post_tag","embeddable":true,"href":"https:\/\/agora.xtec.cat\/ceipramonestadella\/wp-json\/wp\/v2\/tags?post=10450"}],"curies":[{"name":"wp","href":"https:\/\/api.w.org\/{rel}","templated":true}]}}