{"id":10185,"date":"2020-06-02T18:09:11","date_gmt":"2020-06-02T16:09:11","guid":{"rendered":"http:\/\/agora.xtec.cat\/ceipramonestadella\/?p=10185"},"modified":"2020-06-02T18:09:18","modified_gmt":"2020-06-02T16:09:18","slug":"activitats-de-confinament-p3-del-25-al-31-de-maig","status":"publish","type":"post","link":"https:\/\/agora.xtec.cat\/ceipramonestadella\/general\/activitats-de-confinament-p3-del-25-al-31-de-maig\/","title":{"rendered":"Activitats de Confinament P3 &#8211; del 25 al 31 de maig"},"content":{"rendered":"<p>Hola fam\u00edlies!<\/p>\n<p>Ja hem arribat al juny i la calor ja es nota que ha arribat per quedar-s\u2019hi uns mesos.<\/p>\n<p>Aquesta setmana, tal i com us v\u00e0rem dir, les activitats han estat una mica m\u00e9s l\u00fadiques i manipulatives. Pel que fa a l\u2019\u00e0rea de llengua, ens hem dibuixat i, de forma opcional, hem escrit el nom de les parts del nostre cos. Tamb\u00e9 us v\u00e0rem proposar un poema de la primavera i un v\u00eddeo per estimular la discriminaci\u00f3 auditiva.<\/p>\n<p>Per altra banda, tamb\u00e9 us v\u00e0rem proposar l\u2019experiment de la m\u00e0quina d\u2019escuma. Us ha sortit molt b\u00e9! Esperem que hagueu gaudit al m\u00e0xim amb aquest experiment.<\/p>\n<p style=\"text-align: center;\"><strong><span style=\"font-size: 20px;\"><a href=\"https:\/\/photos.app.goo.gl\/81pqLPxQnnh7vxm46\">Cliqueu aqu\u00ed per veure les fotos i els v\u00eddeos.<\/a><\/span><\/strong><\/p>\n<p><a href=\"https:\/\/agora.xtec.cat\/ceipramonestadella\/wp-content\/uploads\/usu385\/2020\/06\/8.jpg\"><img loading=\"lazy\" decoding=\"async\" class=\"aligncenter wp-image-10186\" src=\"https:\/\/agora.xtec.cat\/ceipramonestadella\/wp-content\/uploads\/usu385\/2020\/06\/8-683x1024.jpg\" alt=\"\" width=\"223\" height=\"334\" srcset=\"https:\/\/agora.xtec.cat\/ceipramonestadella\/wp-content\/uploads\/usu385\/2020\/06\/8-683x1024.jpg 683w, https:\/\/agora.xtec.cat\/ceipramonestadella\/wp-content\/uploads\/usu385\/2020\/06\/8-200x300.jpg 200w, https:\/\/agora.xtec.cat\/ceipramonestadella\/wp-content\/uploads\/usu385\/2020\/06\/8.jpg 720w\" sizes=\"auto, (max-width: 223px) 100vw, 223px\" \/><\/a><\/p>\n<p>Animeu-vos a enviar tasques, ja sabem que cada cop costa m\u00e9s per\u00f2 el curs ja est\u00e0 a punt de finalitzar! Moltes gr\u00e0cies a les fam\u00edlies que encara ho feu.<\/p>\n<h2 style=\"text-align: center;\">Us trobem molt a faltar!!<\/h2>\n","protected":false},"excerpt":{"rendered":"<p>Hola fam\u00edlies!<br \/>\nJa hem arribat al juny i la calor ja es nota que ha arribat per quedar-s\u2019hi uns mesos.<br \/>\nAquesta setmana, tal i com us v\u00e0rem dir, les activitats han estat una mica m\u00e9s l\u00fadiques i manipulatives. Pel que fa a l\u2019\u00e0rea de llengua, ens hem&hellip;  <a href=\"https:\/\/agora.xtec.cat\/ceipramonestadella\/general\/activitats-de-confinament-p3-del-25-al-31-de-maig\/\" title=\"Read Activitats de Confinament P3 &#8211; del 25 al 31 de maig\">Llegeix m\u00e9s\u00bb<\/a><\/p>\n","protected":false},"author":9,"featured_media":0,"comment_status":"open","ping_status":"closed","sticky":false,"template":"","format":"standard","meta":{"_bbp_topic_count":0,"_bbp_reply_count":0,"_bbp_total_topic_count":0,"_bbp_total_reply_count":0,"_bbp_voice_count":0,"_bbp_anonymous_reply_count":0,"_bbp_topic_count_hidden":0,"_bbp_reply_count_hidden":0,"_bbp_forum_subforum_count":0,"footnotes":""},"categories":[401,1],"tags":[843,72,402],"class_list":["post-10185","post","type-post","status-publish","format-standard","hentry","category-educacio-infantil-2","category-general","tag-joemquedoacasa","tag-educacio-infantil","tag-p3"],"post_mailing_queue_ids":[],"_links":{"self":[{"href":"https:\/\/agora.xtec.cat\/ceipramonestadella\/wp-json\/wp\/v2\/posts\/10185","targetHints":{"allow":["GET"]}}],"collection":[{"href":"https:\/\/agora.xtec.cat\/ceipramonestadella\/wp-json\/wp\/v2\/posts"}],"about":[{"href":"https:\/\/agora.xtec.cat\/ceipramonestadella\/wp-json\/wp\/v2\/types\/post"}],"author":[{"embeddable":true,"href":"https:\/\/agora.xtec.cat\/ceipramonestadella\/wp-json\/wp\/v2\/users\/9"}],"replies":[{"embeddable":true,"href":"https:\/\/agora.xtec.cat\/ceipramonestadella\/wp-json\/wp\/v2\/comments?post=10185"}],"version-history":[{"count":1,"href":"https:\/\/agora.xtec.cat\/ceipramonestadella\/wp-json\/wp\/v2\/posts\/10185\/revisions"}],"predecessor-version":[{"id":10187,"href":"https:\/\/agora.xtec.cat\/ceipramonestadella\/wp-json\/wp\/v2\/posts\/10185\/revisions\/10187"}],"wp:attachment":[{"href":"https:\/\/agora.xtec.cat\/ceipramonestadella\/wp-json\/wp\/v2\/media?parent=10185"}],"wp:term":[{"taxonomy":"category","embeddable":true,"href":"https:\/\/agora.xtec.cat\/ceipramonestadella\/wp-json\/wp\/v2\/categories?post=10185"},{"taxonomy":"post_tag","embeddable":true,"href":"https:\/\/agora.xtec.cat\/ceipramonestadella\/wp-json\/wp\/v2\/tags?post=10185"}],"curies":[{"name":"wp","href":"https:\/\/api.w.org\/{rel}","templated":true}]}}