{"id":10113,"date":"2020-05-25T19:08:48","date_gmt":"2020-05-25T17:08:48","guid":{"rendered":"http:\/\/agora.xtec.cat\/ceipramonestadella\/?p=10113"},"modified":"2020-05-25T19:08:48","modified_gmt":"2020-05-25T17:08:48","slug":"p5-activitats-de-confinament-del-18-24-de-maig","status":"publish","type":"post","link":"https:\/\/agora.xtec.cat\/ceipramonestadella\/general\/p5-activitats-de-confinament-del-18-24-de-maig\/","title":{"rendered":"P5 Activitats de Confinament del 18-24 de Maig"},"content":{"rendered":"<p>Hola fam\u00edlies!<\/p>\n<p>Com esteu? Esperem i desitgem que seguiu igual de b\u00e9 com fins ara.!!<\/p>\n<p>Aquesta setmana, l\u2019alumnat de P5 hem estat treballant les frase;\u00a0 llegir i escriure amb significat tant potser amb lletra de Pal o lligada. A m\u00e9s, tamb\u00e9 hem vist el conte &#8220;Mira, Mira&#8221;, ens ha fet reflexionar el que m\u00e9s ens agrada.<\/p>\n<p>De matem\u00e0tiques, hem treballat la mesura; amb pams i passes. Per poder fer despr\u00e8s\u00a0 \u00a0comparacions:\u00a0 Qui es m\u00e9s alt\/a, baix\/a, \u00e9s m\u00e9s alta que\u2026 , \u00e9s m\u00e9s baixa que\u2026.<\/p>\n<p>I tamb\u00e9 hem treballat el pes pesant objectes i fent comparacions; si pesa igual, pesa m\u00e9s que o pesa menys que\u2026.<\/p>\n<p><a href=\"https:\/\/photos.app.goo.gl\/wvSvnrTkvRPo1HoLA\">Mireu com ens agradat aquestes activitats<\/a><\/p>\n<p>US TROBEM MOLT A FALTAR!!<\/p>\n","protected":false},"excerpt":{"rendered":"<p>Hola fam\u00edlies!<br \/>\nCom esteu? Esperem i desitgem que seguiu igual de b\u00e9 com fins ara.!!<br \/>\nAquesta setmana, l\u2019alumnat de P5 hem estat treballant les frase;\u00a0 llegir i escriure amb significat tant potser amb lletra de Pal o lligada. A m\u00e9s, tamb\u00e9 hem vist el conte &#8220;Mira, Mira&#8221;,&hellip;  <a href=\"https:\/\/agora.xtec.cat\/ceipramonestadella\/general\/p5-activitats-de-confinament-del-18-24-de-maig\/\" title=\"Read P5 Activitats de Confinament del 18-24 de Maig\">Llegeix m\u00e9s\u00bb<\/a><\/p>\n","protected":false},"author":9,"featured_media":0,"comment_status":"open","ping_status":"closed","sticky":false,"template":"","format":"standard","meta":{"_bbp_topic_count":0,"_bbp_reply_count":0,"_bbp_total_topic_count":0,"_bbp_total_reply_count":0,"_bbp_voice_count":0,"_bbp_anonymous_reply_count":0,"_bbp_topic_count_hidden":0,"_bbp_reply_count_hidden":0,"_bbp_forum_subforum_count":0,"footnotes":""},"categories":[897,930,1],"tags":[843,72,391,424,524],"class_list":["post-10113","post","type-post","status-publish","format-standard","hentry","category-joemquedo-a-casa","category-educacio-infantil-3","category-general","tag-joemquedoacasa","tag-educacio-infantil","tag-general","tag-p5-a","tag-p5-b"],"post_mailing_queue_ids":[],"_links":{"self":[{"href":"https:\/\/agora.xtec.cat\/ceipramonestadella\/wp-json\/wp\/v2\/posts\/10113","targetHints":{"allow":["GET"]}}],"collection":[{"href":"https:\/\/agora.xtec.cat\/ceipramonestadella\/wp-json\/wp\/v2\/posts"}],"about":[{"href":"https:\/\/agora.xtec.cat\/ceipramonestadella\/wp-json\/wp\/v2\/types\/post"}],"author":[{"embeddable":true,"href":"https:\/\/agora.xtec.cat\/ceipramonestadella\/wp-json\/wp\/v2\/users\/9"}],"replies":[{"embeddable":true,"href":"https:\/\/agora.xtec.cat\/ceipramonestadella\/wp-json\/wp\/v2\/comments?post=10113"}],"version-history":[{"count":3,"href":"https:\/\/agora.xtec.cat\/ceipramonestadella\/wp-json\/wp\/v2\/posts\/10113\/revisions"}],"predecessor-version":[{"id":10119,"href":"https:\/\/agora.xtec.cat\/ceipramonestadella\/wp-json\/wp\/v2\/posts\/10113\/revisions\/10119"}],"wp:attachment":[{"href":"https:\/\/agora.xtec.cat\/ceipramonestadella\/wp-json\/wp\/v2\/media?parent=10113"}],"wp:term":[{"taxonomy":"category","embeddable":true,"href":"https:\/\/agora.xtec.cat\/ceipramonestadella\/wp-json\/wp\/v2\/categories?post=10113"},{"taxonomy":"post_tag","embeddable":true,"href":"https:\/\/agora.xtec.cat\/ceipramonestadella\/wp-json\/wp\/v2\/tags?post=10113"}],"curies":[{"name":"wp","href":"https:\/\/api.w.org\/{rel}","templated":true}]}}