{"id":10106,"date":"2020-05-25T15:47:39","date_gmt":"2020-05-25T13:47:39","guid":{"rendered":"http:\/\/agora.xtec.cat\/ceipramonestadella\/?p=10106"},"modified":"2020-05-25T15:47:46","modified_gmt":"2020-05-25T13:47:46","slug":"activitats-de-confinament-p4-del-18-al-24-de-maig","status":"publish","type":"post","link":"https:\/\/agora.xtec.cat\/ceipramonestadella\/general\/activitats-de-confinament-p4-del-18-al-24-de-maig\/","title":{"rendered":"ACTIVITATS DE CONFINAMENT P4 &#8211; DEL 18 AL 24 DE MAIG"},"content":{"rendered":"<p><span style=\"color: #800080;\"><strong>HOLA FAM\u00cdLIES!!<\/strong><\/span><\/p>\n<p>Seguim treballant amb ganes i il\u00b7lusi\u00f3! Aquesta setmana hem fet servir molt la imaginaci\u00f3 per aconseguir tot d&#8217;objectes diferents per construir el nostre abecedari. Tamb\u00e9 amb jocs com el veig veig i l&#8217;endre\u00e7ar paraules, que per cert&#8230; ho heu fet genial!!! Tamb\u00e9 ten\u00edem activitats m\u00e9s mogudes i super divertides&#8230; fabricar balances, fer equilibri per contar amb els peus i les mans&#8230;. un munt de reptes que els heu superat i de llarg!! Molt b\u00e9 girafes!! Que el ritme no pari!<\/p>\n<p>Tamb\u00e9, com sempre, tenim moltes activitats extres que aneu fent durant aquests dies i que penjo tamb\u00e9 per compartir-les amb tothom perqu\u00e8 s\u00f3n fant\u00e0stiques!<\/p>\n<h3><a href=\"https:\/\/photos.app.goo.gl\/Eg3EfdAouacP7aT19\">Ara si voleu, cliqueu a l&#8217;enlla\u00e7 i a gaudir una bona estona amb els companys i companyes.<\/a><\/h3>\n<p><a href=\"https:\/\/agora.xtec.cat\/ceipramonestadella\/wp-content\/uploads\/usu385\/2020\/05\/IMG_20200517_221404.jpg\"><img loading=\"lazy\" decoding=\"async\" class=\"aligncenter wp-image-10107\" src=\"https:\/\/agora.xtec.cat\/ceipramonestadella\/wp-content\/uploads\/usu385\/2020\/05\/IMG_20200517_221404-1024x766.jpg\" alt=\"\" width=\"447\" height=\"334\" srcset=\"https:\/\/agora.xtec.cat\/ceipramonestadella\/wp-content\/uploads\/usu385\/2020\/05\/IMG_20200517_221404-1024x766.jpg 1024w, https:\/\/agora.xtec.cat\/ceipramonestadella\/wp-content\/uploads\/usu385\/2020\/05\/IMG_20200517_221404-300x224.jpg 300w, https:\/\/agora.xtec.cat\/ceipramonestadella\/wp-content\/uploads\/usu385\/2020\/05\/IMG_20200517_221404-768x574.jpg 768w, https:\/\/agora.xtec.cat\/ceipramonestadella\/wp-content\/uploads\/usu385\/2020\/05\/IMG_20200517_221404-200x150.jpg 200w\" sizes=\"auto, (max-width: 447px) 100vw, 447px\" \/><\/a><\/p>\n<h2 style=\"text-align: center;\"><span style=\"color: #800080;\">US TROBO MOOOOOOOLT A FALTAAAAAAAAR!!!!<\/span><\/h2>\n","protected":false},"excerpt":{"rendered":"<p>HOLA FAM\u00cdLIES!!<br \/>\nSeguim treballant amb ganes i il\u00b7lusi\u00f3! Aquesta setmana hem fet servir molt la imaginaci\u00f3 per aconseguir tot d&#8217;objectes diferents per construir el nostre abecedari. Tamb\u00e9 amb jocs com el veig veig i l&#8217;endre\u00e7ar paraules, que per cert&#8230; ho heu fet genial!!! Tamb\u00e9 ten\u00edem activitats&hellip;  <a href=\"https:\/\/agora.xtec.cat\/ceipramonestadella\/general\/activitats-de-confinament-p4-del-18-al-24-de-maig\/\" title=\"Read ACTIVITATS DE CONFINAMENT P4 &#8211; DEL 18 AL 24 DE MAIG\">Llegeix m\u00e9s\u00bb<\/a><\/p>\n","protected":false},"author":9,"featured_media":0,"comment_status":"open","ping_status":"closed","sticky":false,"template":"","format":"standard","meta":{"_bbp_topic_count":0,"_bbp_reply_count":0,"_bbp_total_topic_count":0,"_bbp_total_reply_count":0,"_bbp_voice_count":0,"_bbp_anonymous_reply_count":0,"_bbp_topic_count_hidden":0,"_bbp_reply_count_hidden":0,"_bbp_forum_subforum_count":0,"footnotes":""},"categories":[246,401,930,348,1,251],"tags":[843,910,72,391,411],"class_list":["post-10106","post","type-post","status-publish","format-standard","hentry","category-educacio-infantil","category-educacio-infantil-2","category-educacio-infantil-3","category-ei","category-general","category-p4","tag-joemquedoacasa","tag-totanirabe","tag-educacio-infantil","tag-general","tag-p4"],"post_mailing_queue_ids":[],"_links":{"self":[{"href":"https:\/\/agora.xtec.cat\/ceipramonestadella\/wp-json\/wp\/v2\/posts\/10106","targetHints":{"allow":["GET"]}}],"collection":[{"href":"https:\/\/agora.xtec.cat\/ceipramonestadella\/wp-json\/wp\/v2\/posts"}],"about":[{"href":"https:\/\/agora.xtec.cat\/ceipramonestadella\/wp-json\/wp\/v2\/types\/post"}],"author":[{"embeddable":true,"href":"https:\/\/agora.xtec.cat\/ceipramonestadella\/wp-json\/wp\/v2\/users\/9"}],"replies":[{"embeddable":true,"href":"https:\/\/agora.xtec.cat\/ceipramonestadella\/wp-json\/wp\/v2\/comments?post=10106"}],"version-history":[{"count":3,"href":"https:\/\/agora.xtec.cat\/ceipramonestadella\/wp-json\/wp\/v2\/posts\/10106\/revisions"}],"predecessor-version":[{"id":10112,"href":"https:\/\/agora.xtec.cat\/ceipramonestadella\/wp-json\/wp\/v2\/posts\/10106\/revisions\/10112"}],"wp:attachment":[{"href":"https:\/\/agora.xtec.cat\/ceipramonestadella\/wp-json\/wp\/v2\/media?parent=10106"}],"wp:term":[{"taxonomy":"category","embeddable":true,"href":"https:\/\/agora.xtec.cat\/ceipramonestadella\/wp-json\/wp\/v2\/categories?post=10106"},{"taxonomy":"post_tag","embeddable":true,"href":"https:\/\/agora.xtec.cat\/ceipramonestadella\/wp-json\/wp\/v2\/tags?post=10106"}],"curies":[{"name":"wp","href":"https:\/\/api.w.org\/{rel}","templated":true}]}}