{"id":10092,"date":"2020-05-25T10:25:11","date_gmt":"2020-05-25T08:25:11","guid":{"rendered":"http:\/\/agora.xtec.cat\/ceipramonestadella\/?p=10092"},"modified":"2020-05-25T10:25:20","modified_gmt":"2020-05-25T08:25:20","slug":"activitats-de-confinament-p3-del-18-al-24-de-maig","status":"publish","type":"post","link":"https:\/\/agora.xtec.cat\/ceipramonestadella\/general\/activitats-de-confinament-p3-del-18-al-24-de-maig\/","title":{"rendered":"Activitats de Confinament P3 &#8211; del 18 al 24 de maig"},"content":{"rendered":"<p>Hola fam\u00edlies!<\/p>\n<p>Com esteu? Esperem i desitgem que tot segueixi igual de b\u00e9 i amb les ganes i motivaci\u00f3 que ten\u00edem en un inici.<\/p>\n<p>Aquesta setmana, l\u2019alumnat de P3 hem estat treballant i fent mem\u00f2ria com es deien els nostres companys i companyes de l\u2019escola. A m\u00e9s, tamb\u00e9 els hem classificat segons tinguessin el nom llarg o curt.<\/p>\n<p>Des de l\u2019\u00e0rea de matem\u00e0tiques, ens ho hem passat pipa. Ens hem mesurat! A nosaltres mateixos\/es, al pare, a la mare, a les nines, etc aix\u00ed com tamb\u00e9 hem classificat i ordenat objectes de gran a petit, ple o buit, etc.<\/p>\n<p style=\"text-align: center;\"><strong><span style=\"font-size: 24px;\"><a href=\"https:\/\/photos.app.goo.gl\/1iqvuLFdWS3BRM4E8\">Cliqueu aqu\u00ed per veure les fotografies i els v\u00eddeos<\/a><\/span><\/strong><\/p>\n<p><a href=\"https:\/\/agora.xtec.cat\/ceipramonestadella\/wp-content\/uploads\/usu385\/2020\/05\/descarga.jpg\"><img loading=\"lazy\" decoding=\"async\" class=\"aligncenter wp-image-10093\" src=\"https:\/\/agora.xtec.cat\/ceipramonestadella\/wp-content\/uploads\/usu385\/2020\/05\/descarga.jpg\" alt=\"\" width=\"389\" height=\"244\" \/><\/a><\/p>\n<p>Us animem a que continueu enviant-nos les tasques que us proposem des de l\u2019escola i agra\u00efm a les fam\u00edlies que ho feu. GR\u00c0CIES!<\/p>\n<h1 style=\"text-align: center;\"><strong>Us trobem molt a faltar!<\/strong><\/h1>\n","protected":false},"excerpt":{"rendered":"<p>Hola fam\u00edlies!<br \/>\nCom esteu? Esperem i desitgem que tot segueixi igual de b\u00e9 i amb les ganes i motivaci\u00f3 que ten\u00edem en un inici.<br \/>\nAquesta setmana, l\u2019alumnat de P3 hem estat treballant i fent mem\u00f2ria com es deien els nostres companys i companyes de l\u2019escola. A m\u00e9s,&hellip;  <a href=\"https:\/\/agora.xtec.cat\/ceipramonestadella\/general\/activitats-de-confinament-p3-del-18-al-24-de-maig\/\" title=\"Read Activitats de Confinament P3 &#8211; del 18 al 24 de maig\">Llegeix m\u00e9s\u00bb<\/a><\/p>\n","protected":false},"author":9,"featured_media":0,"comment_status":"open","ping_status":"closed","sticky":false,"template":"","format":"standard","meta":{"_bbp_topic_count":0,"_bbp_reply_count":0,"_bbp_total_topic_count":0,"_bbp_total_reply_count":0,"_bbp_voice_count":0,"_bbp_anonymous_reply_count":0,"_bbp_topic_count_hidden":0,"_bbp_reply_count_hidden":0,"_bbp_forum_subforum_count":0,"footnotes":""},"categories":[401,1],"tags":[843,72,402],"class_list":["post-10092","post","type-post","status-publish","format-standard","hentry","category-educacio-infantil-2","category-general","tag-joemquedoacasa","tag-educacio-infantil","tag-p3"],"post_mailing_queue_ids":[],"_links":{"self":[{"href":"https:\/\/agora.xtec.cat\/ceipramonestadella\/wp-json\/wp\/v2\/posts\/10092","targetHints":{"allow":["GET"]}}],"collection":[{"href":"https:\/\/agora.xtec.cat\/ceipramonestadella\/wp-json\/wp\/v2\/posts"}],"about":[{"href":"https:\/\/agora.xtec.cat\/ceipramonestadella\/wp-json\/wp\/v2\/types\/post"}],"author":[{"embeddable":true,"href":"https:\/\/agora.xtec.cat\/ceipramonestadella\/wp-json\/wp\/v2\/users\/9"}],"replies":[{"embeddable":true,"href":"https:\/\/agora.xtec.cat\/ceipramonestadella\/wp-json\/wp\/v2\/comments?post=10092"}],"version-history":[{"count":1,"href":"https:\/\/agora.xtec.cat\/ceipramonestadella\/wp-json\/wp\/v2\/posts\/10092\/revisions"}],"predecessor-version":[{"id":10094,"href":"https:\/\/agora.xtec.cat\/ceipramonestadella\/wp-json\/wp\/v2\/posts\/10092\/revisions\/10094"}],"wp:attachment":[{"href":"https:\/\/agora.xtec.cat\/ceipramonestadella\/wp-json\/wp\/v2\/media?parent=10092"}],"wp:term":[{"taxonomy":"category","embeddable":true,"href":"https:\/\/agora.xtec.cat\/ceipramonestadella\/wp-json\/wp\/v2\/categories?post=10092"},{"taxonomy":"post_tag","embeddable":true,"href":"https:\/\/agora.xtec.cat\/ceipramonestadella\/wp-json\/wp\/v2\/tags?post=10092"}],"curies":[{"name":"wp","href":"https:\/\/api.w.org\/{rel}","templated":true}]}}