{"id":10056,"date":"2020-05-20T00:59:57","date_gmt":"2020-05-19T22:59:57","guid":{"rendered":"http:\/\/agora.xtec.cat\/ceipramonestadella\/?p=10056"},"modified":"2020-05-20T09:50:47","modified_gmt":"2020-05-20T07:50:47","slug":"video-commemoratiu-del-premi-jordi-pamias","status":"publish","type":"post","link":"https:\/\/agora.xtec.cat\/ceipramonestadella\/general\/video-commemoratiu-del-premi-jordi-pamias\/","title":{"rendered":"ENTREGA DE PREMIS DEL CERTAMEN LITERARI JORDI P\u00c0MIAS"},"content":{"rendered":"<h1 class=\"documentFirstHeading\">L&#8217;AJUNTAMENT INFORMA:<\/h1>\n<h1 class=\"documentFirstHeading\"><span style=\"font-size: 14px;\">GUISSONA CELEBRA LA DISSETENA EDICI\u00d3 DEL PREMI LITERARI JORDI P\u00c0MIAS<\/span><\/h1>\n<div id=\"viewlet-below-content-title\"><a id=\"parent-fieldname-image\" class=\"swipebox\" href=\"http:\/\/www.guissona.cat\/noticies\/guissona-celebra-la-dissetena-edicio-del-premi-literari-jordi-pamias\/image\"><img loading=\"lazy\" decoding=\"async\" class=\"newsImage\" title=\"\" src=\"http:\/\/www.guissona.cat\/noticies\/guissona-celebra-la-dissetena-edicio-del-premi-literari-jordi-pamias\/image_mini\" alt=\"GUISSONA CELEBRA LA DISSETENA EDICI\u00d3 DEL PREMI LITERARI JORDI P\u00c0MIAS\" width=\"398\" height=\"223\" \/><\/a><\/div>\n<div id=\"parent-fieldname-description\" class=\"documentDescription\" style=\"text-align: left;\"><span style=\"font-size: 24px;\">L\u2019entrega de premis que es far\u00e0 durant aquesta setmana i a m\u00e9s del llibre POEMES DES DE L\u2019ERMITA, que inclou tots els m\u00e9s de 130 poemes guanyadors tamb\u00e9 rebran un val de regal que podran bescanviar en qualsevol comer\u00e7 de l\u2019eix comercial de Guissona<\/span><\/div>\n<div id=\"viewlet-above-content-body\" style=\"text-align: left;\"><\/div>\n<div id=\"content-core\">\n<div class=\"newsImageContainer\" style=\"text-align: left;\"><\/div>\n<div id=\"parent-fieldname-text\" class=\"plain\">\n<p style=\"text-align: left;\" align=\"center\"><span style=\"font-size: 24px;\">El passat mes d\u2019abril, pels volts de Sant Jordi, s\u2019havia de portar a terme l\u2019acte d\u2019entrega de premis literaris de poesia infantils i juvenils, Jordi P\u00e0mias, en la seva setzena edici\u00f3 i en la que hi participaven nois i noies de tots els centres educatius de Guissona.<\/span><\/p>\n<p style=\"text-align: left;\"><span style=\"font-size: 24px;\">Atesa la situaci\u00f3 de confinament causada pel coronavirus l\u2019Ajuntament va decidir entrega els premis, per part dels regidors, als domicilis d\u2019aquests m\u00e9s de 130 nens i nenes guanyadors de l\u2019edici\u00f3 2020 del premi. L\u2019entrega de premis que es far\u00e0 durant aquesta setmana i a m\u00e9s del llibre POEMES DES DE L\u2019ERMITA, que inclou tots els poemes guanyadors tamb\u00e9 rebran un val de regal que podran bescanviar en qualsevol comer\u00e7 de l\u2019eix comercial de Guissona (abans del 31 d\u2019agost de 2020)<\/span><\/p>\n<p style=\"text-align: left;\"><span style=\"font-size: 24px;\">La llista de guanyadores i guanyadors tamb\u00e9 s\u2019ha publicat a la web de l\u2019ajuntament (<a href=\"http:\/\/www.guissona.cat\/viure\/educacio\">http:\/\/www.guissona.cat\/viure\/educacio<\/a>)i s\u2019ha elaborat un video amb totes i tots els participants premiats, que es pot veure a l\u2019instagram de l\u2019Ajuntament @ajguissona i al facebook i des del seg\u00fcent enlla\u00e7:<\/span><\/p>\n<p><iframe loading=\"lazy\" title=\"XVII Premi literari de poesia infantil i juvenil Jordi P\u00e0mias\" width=\"500\" height=\"281\" src=\"https:\/\/www.youtube.com\/embed\/wIC_ved46zA?feature=oembed\" frameborder=\"0\" allow=\"accelerometer; autoplay; clipboard-write; encrypted-media; gyroscope; picture-in-picture; web-share\" referrerpolicy=\"strict-origin-when-cross-origin\" allowfullscreen><\/iframe><\/p>\n<p style=\"text-align: left;\"><span style=\"font-size: 24px;\">Aquestes accions pretenen ser tamb\u00e9 un reconeixement a tots els nens i nenes que amb el confinament ens han mostrat la seva valentia i s\u2019han quedat a casa<\/span><\/p>\n<p style=\"text-align: left;\"><span style=\"font-size: 24px;\">Guissona, 19 de maig de 2020<\/span><\/p>\n<\/div>\n<\/div>\n","protected":false},"excerpt":{"rendered":"<p>L&#8217;AJUNTAMENT INFORMA:<br \/>\nGUISSONA CELEBRA LA DISSETENA EDICI\u00d3 DEL PREMI LITERARI JORDI P\u00c0MIAS<br \/>\n<a id=\"parent-fieldname-image\" class=\"swipebox\" href=\"http:\/\/www.guissona.cat\/noticies\/guissona-celebra-la-dissetena-edicio-del-premi-literari-jordi-pamias\/image\"><\/a><br \/>\nL\u2019entrega de premis que es far\u00e0 durant aquesta setmana i a m\u00e9s del llibre POEMES DES DE L\u2019ERMITA, que inclou tots els m\u00e9s de 130 poemes guanyadors tamb\u00e9 rebran un val de&hellip;  <a href=\"https:\/\/agora.xtec.cat\/ceipramonestadella\/general\/video-commemoratiu-del-premi-jordi-pamias\/\" title=\"Read ENTREGA DE PREMIS DEL CERTAMEN LITERARI JORDI P\u00c0MIAS\">Llegeix m\u00e9s\u00bb<\/a><\/p>\n","protected":false},"author":3,"featured_media":0,"comment_status":"open","ping_status":"closed","sticky":false,"template":"","format":"standard","meta":{"_bbp_topic_count":0,"_bbp_reply_count":0,"_bbp_total_topic_count":0,"_bbp_total_reply_count":0,"_bbp_voice_count":0,"_bbp_anonymous_reply_count":0,"_bbp_topic_count_hidden":0,"_bbp_reply_count_hidden":0,"_bbp_forum_subforum_count":0,"footnotes":""},"categories":[1],"tags":[],"class_list":["post-10056","post","type-post","status-publish","format-standard","hentry","category-general"],"post_mailing_queue_ids":[],"_links":{"self":[{"href":"https:\/\/agora.xtec.cat\/ceipramonestadella\/wp-json\/wp\/v2\/posts\/10056","targetHints":{"allow":["GET"]}}],"collection":[{"href":"https:\/\/agora.xtec.cat\/ceipramonestadella\/wp-json\/wp\/v2\/posts"}],"about":[{"href":"https:\/\/agora.xtec.cat\/ceipramonestadella\/wp-json\/wp\/v2\/types\/post"}],"author":[{"embeddable":true,"href":"https:\/\/agora.xtec.cat\/ceipramonestadella\/wp-json\/wp\/v2\/users\/3"}],"replies":[{"embeddable":true,"href":"https:\/\/agora.xtec.cat\/ceipramonestadella\/wp-json\/wp\/v2\/comments?post=10056"}],"version-history":[{"count":3,"href":"https:\/\/agora.xtec.cat\/ceipramonestadella\/wp-json\/wp\/v2\/posts\/10056\/revisions"}],"predecessor-version":[{"id":10065,"href":"https:\/\/agora.xtec.cat\/ceipramonestadella\/wp-json\/wp\/v2\/posts\/10056\/revisions\/10065"}],"wp:attachment":[{"href":"https:\/\/agora.xtec.cat\/ceipramonestadella\/wp-json\/wp\/v2\/media?parent=10056"}],"wp:term":[{"taxonomy":"category","embeddable":true,"href":"https:\/\/agora.xtec.cat\/ceipramonestadella\/wp-json\/wp\/v2\/categories?post=10056"},{"taxonomy":"post_tag","embeddable":true,"href":"https:\/\/agora.xtec.cat\/ceipramonestadella\/wp-json\/wp\/v2\/tags?post=10056"}],"curies":[{"name":"wp","href":"https:\/\/api.w.org\/{rel}","templated":true}]}}