{"id":10033,"date":"2020-05-18T18:57:27","date_gmt":"2020-05-18T16:57:27","guid":{"rendered":"http:\/\/agora.xtec.cat\/ceipramonestadella\/?p=10033"},"modified":"2020-05-18T18:57:37","modified_gmt":"2020-05-18T16:57:37","slug":"activitats-de-confinament-p3-de-l11-al-17-de-maig","status":"publish","type":"post","link":"https:\/\/agora.xtec.cat\/ceipramonestadella\/general\/activitats-de-confinament-p3-de-l11-al-17-de-maig\/","title":{"rendered":"Activitats de Confinament P3 &#8211; de l&#8217;11 al 17 de maig"},"content":{"rendered":"<p>Hola fam\u00edlies!!<\/p>\n<p>Aquesta setmana les tasques de P3 giren al voltant del treball de nom (escrivint el nostre nom, composant-nos i comptant per quantes lletres est\u00e0 format) i , referent al llenguatge matem\u00e0tic, hem buscat per casa objectes que tenen forma de quadrat, cercle i triangle. Tamb\u00e9 treballat alguns conceptes d\u2019espai Han sortit unes idees fant\u00e0stiques!<\/p>\n<p style=\"text-align: center;\"><span style=\"font-size: 24px;\"><a href=\"https:\/\/photos.app.goo.gl\/7AW9JdDfmtpL6qfM9\">Cliqueu aqu\u00ed per veure les fotografies i v\u00eddeos.<\/a><\/span><\/p>\n<p><a href=\"https:\/\/agora.xtec.cat\/ceipramonestadella\/wp-content\/uploads\/usu385\/2020\/05\/educacion-infantil_29937-3074.jpg\"><img loading=\"lazy\" decoding=\"async\" class=\"aligncenter wp-image-10034\" src=\"https:\/\/agora.xtec.cat\/ceipramonestadella\/wp-content\/uploads\/usu385\/2020\/05\/educacion-infantil_29937-3074.jpg\" alt=\"\" width=\"299\" height=\"299\" srcset=\"https:\/\/agora.xtec.cat\/ceipramonestadella\/wp-content\/uploads\/usu385\/2020\/05\/educacion-infantil_29937-3074.jpg 626w, https:\/\/agora.xtec.cat\/ceipramonestadella\/wp-content\/uploads\/usu385\/2020\/05\/educacion-infantil_29937-3074-150x150.jpg 150w, https:\/\/agora.xtec.cat\/ceipramonestadella\/wp-content\/uploads\/usu385\/2020\/05\/educacion-infantil_29937-3074-300x300.jpg 300w\" sizes=\"auto, (max-width: 299px) 100vw, 299px\" \/><\/a><\/p>\n<p>Agra\u00efm a les fam\u00edlies que aneu participant amb les tasques que us proposem des de l\u2019escola i animem a les que encara no ho heu fet per fer-ho.<\/p>\n<h2 style=\"text-align: center;\"><strong>Us trobem a faltar peixets!<\/strong><\/h2>\n","protected":false},"excerpt":{"rendered":"<p>Hola fam\u00edlies!!<br \/>\nAquesta setmana les tasques de P3 giren al voltant del treball de nom (escrivint el nostre nom, composant-nos i comptant per quantes lletres est\u00e0 format) i , referent al llenguatge matem\u00e0tic, hem buscat per casa objectes que tenen forma de quadrat, cercle i triangle.&hellip;  <a href=\"https:\/\/agora.xtec.cat\/ceipramonestadella\/general\/activitats-de-confinament-p3-de-l11-al-17-de-maig\/\" title=\"Read Activitats de Confinament P3 &#8211; de l&#8217;11 al 17 de maig\">Llegeix m\u00e9s\u00bb<\/a><\/p>\n","protected":false},"author":9,"featured_media":0,"comment_status":"open","ping_status":"closed","sticky":false,"template":"","format":"standard","meta":{"_bbp_topic_count":0,"_bbp_reply_count":0,"_bbp_total_topic_count":0,"_bbp_total_reply_count":0,"_bbp_voice_count":0,"_bbp_anonymous_reply_count":0,"_bbp_topic_count_hidden":0,"_bbp_reply_count_hidden":0,"_bbp_forum_subforum_count":0,"footnotes":""},"categories":[401,1],"tags":[843,72,402],"class_list":["post-10033","post","type-post","status-publish","format-standard","hentry","category-educacio-infantil-2","category-general","tag-joemquedoacasa","tag-educacio-infantil","tag-p3"],"post_mailing_queue_ids":[],"_links":{"self":[{"href":"https:\/\/agora.xtec.cat\/ceipramonestadella\/wp-json\/wp\/v2\/posts\/10033","targetHints":{"allow":["GET"]}}],"collection":[{"href":"https:\/\/agora.xtec.cat\/ceipramonestadella\/wp-json\/wp\/v2\/posts"}],"about":[{"href":"https:\/\/agora.xtec.cat\/ceipramonestadella\/wp-json\/wp\/v2\/types\/post"}],"author":[{"embeddable":true,"href":"https:\/\/agora.xtec.cat\/ceipramonestadella\/wp-json\/wp\/v2\/users\/9"}],"replies":[{"embeddable":true,"href":"https:\/\/agora.xtec.cat\/ceipramonestadella\/wp-json\/wp\/v2\/comments?post=10033"}],"version-history":[{"count":1,"href":"https:\/\/agora.xtec.cat\/ceipramonestadella\/wp-json\/wp\/v2\/posts\/10033\/revisions"}],"predecessor-version":[{"id":10036,"href":"https:\/\/agora.xtec.cat\/ceipramonestadella\/wp-json\/wp\/v2\/posts\/10033\/revisions\/10036"}],"wp:attachment":[{"href":"https:\/\/agora.xtec.cat\/ceipramonestadella\/wp-json\/wp\/v2\/media?parent=10033"}],"wp:term":[{"taxonomy":"category","embeddable":true,"href":"https:\/\/agora.xtec.cat\/ceipramonestadella\/wp-json\/wp\/v2\/categories?post=10033"},{"taxonomy":"post_tag","embeddable":true,"href":"https:\/\/agora.xtec.cat\/ceipramonestadella\/wp-json\/wp\/v2\/tags?post=10033"}],"curies":[{"name":"wp","href":"https:\/\/api.w.org\/{rel}","templated":true}]}}