{"id":10032,"date":"2020-05-18T18:58:34","date_gmt":"2020-05-18T16:58:34","guid":{"rendered":"http:\/\/agora.xtec.cat\/ceipramonestadella\/?p=10032"},"modified":"2020-05-18T18:59:09","modified_gmt":"2020-05-18T16:59:09","slug":"activitats-de-confinament-p4-del-11-al-17-de-maig","status":"publish","type":"post","link":"https:\/\/agora.xtec.cat\/ceipramonestadella\/general\/educacio-infantil\/activitats-de-confinament-p4-del-11-al-17-de-maig\/","title":{"rendered":"ACTIVITATS DE CONFINAMENT P4 &#8211; DEL 11 AL 17 DE MAIG"},"content":{"rendered":"<p>HOLA!!!! Com va? Espero que una mica m\u00e9s relaxats i relaxades ara que podem respirar m\u00e9s estoneta aire del carrer! Tot i aix\u00ed veig que heu estat treballant de valent aquesta setmana tamb\u00e9 i heu enviat moltes activitats de les que us vaig proposar i tamb\u00e9 d&#8217;altres! M&#8217;encanten els v\u00eddeos, les fotos&#8230; se us veu molt contentes i contents fent-ho i jo em fico tamb\u00e9 molt alegre quan ho rebo, fotos m\u00e9s concentrats\/des, altres m\u00e9s divertides, fent d&#8217;investigadors\/es&#8230; Per passar una bona estona, us invito a que les veieu en aquest enlla\u00e7 de sota i fiqueu algun comentari!<\/p>\n<p><a href=\"https:\/\/photos.app.goo.gl\/CHn5Aaqd5H8Czvk16\">Cliqueu per veure les fotos.<\/a><\/p>\n<p><a href=\"https:\/\/agora.xtec.cat\/ceipramonestadella\/wp-content\/uploads\/usu385\/2020\/05\/foto-blog-1.jpg\"><img loading=\"lazy\" decoding=\"async\" class=\"aligncenter wp-image-10035\" src=\"https:\/\/agora.xtec.cat\/ceipramonestadella\/wp-content\/uploads\/usu385\/2020\/05\/foto-blog-1.jpg\" alt=\"\" width=\"315\" height=\"239\" srcset=\"https:\/\/agora.xtec.cat\/ceipramonestadella\/wp-content\/uploads\/usu385\/2020\/05\/foto-blog-1.jpg 500w, https:\/\/agora.xtec.cat\/ceipramonestadella\/wp-content\/uploads\/usu385\/2020\/05\/foto-blog-1-300x227.jpg 300w\" sizes=\"auto, (max-width: 315px) 100vw, 315px\" \/><\/a><\/p>\n<p>\u00c0nims que aix\u00f2 cada vegada va millor, aix\u00ed que ja queda menys!<\/p>\n<h3>Molt\u00edssimes abra\u00e7ades i petons virtuals!!!!<\/h3>\n<p>&nbsp;<\/p>\n","protected":false},"excerpt":{"rendered":"<p>HOLA!!!! Com va? Espero que una mica m\u00e9s relaxats i relaxades ara que podem respirar m\u00e9s estoneta aire del carrer! Tot i aix\u00ed veig que heu estat treballant de valent aquesta setmana tamb\u00e9 i heu enviat moltes activitats de les que us vaig proposar i&hellip;  <a href=\"https:\/\/agora.xtec.cat\/ceipramonestadella\/general\/educacio-infantil\/activitats-de-confinament-p4-del-11-al-17-de-maig\/\" title=\"Read ACTIVITATS DE CONFINAMENT P4 &#8211; DEL 11 AL 17 DE MAIG\">Llegeix m\u00e9s\u00bb<\/a><\/p>\n","protected":false},"author":9,"featured_media":0,"comment_status":"open","ping_status":"closed","sticky":false,"template":"","format":"standard","meta":{"_bbp_topic_count":0,"_bbp_reply_count":0,"_bbp_total_topic_count":0,"_bbp_total_reply_count":0,"_bbp_voice_count":0,"_bbp_anonymous_reply_count":0,"_bbp_topic_count_hidden":0,"_bbp_reply_count_hidden":0,"_bbp_forum_subforum_count":0,"footnotes":""},"categories":[246,401,348,251],"tags":[843,910,72,391,411],"class_list":["post-10032","post","type-post","status-publish","format-standard","hentry","category-educacio-infantil","category-educacio-infantil-2","category-ei","category-p4","tag-joemquedoacasa","tag-totanirabe","tag-educacio-infantil","tag-general","tag-p4"],"post_mailing_queue_ids":[],"_links":{"self":[{"href":"https:\/\/agora.xtec.cat\/ceipramonestadella\/wp-json\/wp\/v2\/posts\/10032","targetHints":{"allow":["GET"]}}],"collection":[{"href":"https:\/\/agora.xtec.cat\/ceipramonestadella\/wp-json\/wp\/v2\/posts"}],"about":[{"href":"https:\/\/agora.xtec.cat\/ceipramonestadella\/wp-json\/wp\/v2\/types\/post"}],"author":[{"embeddable":true,"href":"https:\/\/agora.xtec.cat\/ceipramonestadella\/wp-json\/wp\/v2\/users\/9"}],"replies":[{"embeddable":true,"href":"https:\/\/agora.xtec.cat\/ceipramonestadella\/wp-json\/wp\/v2\/comments?post=10032"}],"version-history":[{"count":2,"href":"https:\/\/agora.xtec.cat\/ceipramonestadella\/wp-json\/wp\/v2\/posts\/10032\/revisions"}],"predecessor-version":[{"id":10038,"href":"https:\/\/agora.xtec.cat\/ceipramonestadella\/wp-json\/wp\/v2\/posts\/10032\/revisions\/10038"}],"wp:attachment":[{"href":"https:\/\/agora.xtec.cat\/ceipramonestadella\/wp-json\/wp\/v2\/media?parent=10032"}],"wp:term":[{"taxonomy":"category","embeddable":true,"href":"https:\/\/agora.xtec.cat\/ceipramonestadella\/wp-json\/wp\/v2\/categories?post=10032"},{"taxonomy":"post_tag","embeddable":true,"href":"https:\/\/agora.xtec.cat\/ceipramonestadella\/wp-json\/wp\/v2\/tags?post=10032"}],"curies":[{"name":"wp","href":"https:\/\/api.w.org\/{rel}","templated":true}]}}