{"id":11966,"date":"2026-04-30T21:24:48","date_gmt":"2026-04-30T19:24:48","guid":{"rendered":"https:\/\/agora.xtec.cat\/ceipramonbergada\/?p=11966"},"modified":"2026-04-30T21:24:48","modified_gmt":"2026-04-30T19:24:48","slug":"contes-a-moltes-mans-2","status":"publish","type":"post","link":"https:\/\/agora.xtec.cat\/ceipramonbergada\/general\/contes-a-moltes-mans-2\/","title":{"rendered":"Contes a moltes mans"},"content":{"rendered":"<p><span style=\"font-weight: 400\">Aquest passat dimarts, 28 d\u2019abril, es va dur a terme la presentaci\u00f3 del projecte <\/span><b>&#8220;Contes a moltes mans&#8221;<\/b><span style=\"font-weight: 400\">, organitzat per la Biblioteca Municipal del nostre poble.\u00a0<\/span><\/p>\n<p><span style=\"font-weight: 400\">Aquesta aventura liter\u00e0ria va comen\u00e7ar cap al mes de desembre, quan l&#8217;alumnat de l&#8217;Escola Centcelles ens va visitar per portar-nos l\u2019inici d\u2019una hist\u00f2ria ben intrigant: <\/span><i><span style=\"font-weight: 400\"><strong>L\u2019enigma dels Capgrossos<\/strong>. <\/span><\/i><span style=\"font-weight: 400\">Aleshores va ser el nostre torn de posar-hi imaginaci\u00f3. Els alumnes de<strong> 4t ens vam inventar dos finals ben divertits<\/strong> i diferents on les nostres mascotes, amb l\u2019ajuda de l&#8217;alumnat de les dues escoles, aconsegueixen trobar aquests capgrossos tan estimats per tots nosaltres.<\/span><\/p>\n<p><span style=\"font-weight: 400\">La setmana passada vam viure una altra experi\u00e8ncia inoblidable: <strong>vam anar a la r\u00e0dio per gravar el conte!<\/strong> Poder visitar l\u2019estudi i posar veu a les nostres hist\u00f2ries va ser fant\u00e0stic, tot i que hem de confessar que els micr\u00f2fons ens van impressionar molt.<\/span><\/p>\n<p><span style=\"font-weight: 400\">Finalment, vam posar la cirereta al past\u00eds amb la <strong>presentaci\u00f3 oficial a la Biblioteca<\/strong>. All\u00e0, davant d\u2019un p\u00fablic molt especial format per pares, mares, avis i familiars, vam tenir el plaer de llegir-vos els nostres finals. Esperem que us hagin agradat tant com a nosaltres crear-los.<\/span><\/p>\n<p><span style=\"font-weight: 400\">Si voleu que els autors i autores us firmin el llibre, ja ho sabeu: nom\u00e9s cal que passeu per les aules de 4t A i B de la nostra escola.\u00a0<\/span><\/p>\n<p><span style=\"font-weight: 400\">Per acabar, volem agrair a la Biblioteca que ens hagi fet part\u00edcips d&#8217;aquesta gran experi\u00e8ncia.<\/span><\/p>\n<p><span style=\"font-weight: 400\">Podeu clicar a la imatge seg\u00fcent i entrar amb el correu del vostre fill o filla per veure les fotografies d&#8217;aquest gran projecte.<\/span><\/p>\n<p><a href=\"https:\/\/drive.google.com\/drive\/folders\/1VG2vA0yYlWD7OlGdUp94bkntW5NlY2wX?usp=sharing\"><img loading=\"lazy\" decoding=\"async\" class=\"wp-image-11967 aligncenter\" src=\"https:\/\/agora.xtec.cat\/ceipramonbergada\/wp-content\/uploads\/usu842\/2026\/04\/1777543166156.jpg\" alt=\"\" width=\"514\" height=\"250\" srcset=\"https:\/\/agora.xtec.cat\/ceipramonbergada\/wp-content\/uploads\/usu842\/2026\/04\/1777543166156.jpg 660w, https:\/\/agora.xtec.cat\/ceipramonbergada\/wp-content\/uploads\/usu842\/2026\/04\/1777543166156-300x146.jpg 300w\" sizes=\"auto, (max-width: 514px) 100vw, 514px\" \/><\/a><\/p>\n","protected":false},"excerpt":{"rendered":"<p>Aquest passat dimarts, 28 d\u2019abril, es va dur a terme la presentaci\u00f3 del projecte &#8220;Contes a moltes mans&#8221;, organitzat per la Biblioteca Municipal del nostre poble.\u00a0<br \/>\nAquesta aventura liter\u00e0ria va comen\u00e7ar cap al mes de desembre, quan l&#8217;alumnat de l&#8217;Escola Centcelles ens va visitar per portar-nos&hellip;  <a href=\"https:\/\/agora.xtec.cat\/ceipramonbergada\/general\/contes-a-moltes-mans-2\/\" title=\"Read Contes a moltes mans\">Llegeix m\u00e9s\u00bb<\/a><\/p>\n","protected":false},"author":81,"featured_media":0,"comment_status":"open","ping_status":"open","sticky":false,"template":"","format":"standard","meta":{"_bbp_topic_count":0,"_bbp_reply_count":0,"_bbp_total_topic_count":0,"_bbp_total_reply_count":0,"_bbp_voice_count":0,"_bbp_anonymous_reply_count":0,"_bbp_topic_count_hidden":0,"_bbp_reply_count_hidden":0,"_bbp_forum_subforum_count":0,"footnotes":""},"categories":[100,1,4,5,273,274],"tags":[],"class_list":["post-11966","post","type-post","status-publish","format-standard","hentry","category-biblioteca","category-general","category-portada","category-primaria","category-promocio-2019-28-a","category-promocio-2019-28-b"],"post_mailing_queue_ids":[],"_links":{"self":[{"href":"https:\/\/agora.xtec.cat\/ceipramonbergada\/wp-json\/wp\/v2\/posts\/11966","targetHints":{"allow":["GET"]}}],"collection":[{"href":"https:\/\/agora.xtec.cat\/ceipramonbergada\/wp-json\/wp\/v2\/posts"}],"about":[{"href":"https:\/\/agora.xtec.cat\/ceipramonbergada\/wp-json\/wp\/v2\/types\/post"}],"author":[{"embeddable":true,"href":"https:\/\/agora.xtec.cat\/ceipramonbergada\/wp-json\/wp\/v2\/users\/81"}],"replies":[{"embeddable":true,"href":"https:\/\/agora.xtec.cat\/ceipramonbergada\/wp-json\/wp\/v2\/comments?post=11966"}],"version-history":[{"count":4,"href":"https:\/\/agora.xtec.cat\/ceipramonbergada\/wp-json\/wp\/v2\/posts\/11966\/revisions"}],"predecessor-version":[{"id":11971,"href":"https:\/\/agora.xtec.cat\/ceipramonbergada\/wp-json\/wp\/v2\/posts\/11966\/revisions\/11971"}],"wp:attachment":[{"href":"https:\/\/agora.xtec.cat\/ceipramonbergada\/wp-json\/wp\/v2\/media?parent=11966"}],"wp:term":[{"taxonomy":"category","embeddable":true,"href":"https:\/\/agora.xtec.cat\/ceipramonbergada\/wp-json\/wp\/v2\/categories?post=11966"},{"taxonomy":"post_tag","embeddable":true,"href":"https:\/\/agora.xtec.cat\/ceipramonbergada\/wp-json\/wp\/v2\/tags?post=11966"}],"curies":[{"name":"wp","href":"https:\/\/api.w.org\/{rel}","templated":true}]}}