{"id":11961,"date":"2026-04-29T22:13:51","date_gmt":"2026-04-29T20:13:51","guid":{"rendered":"https:\/\/agora.xtec.cat\/ceipramonbergada\/?p=11961"},"modified":"2026-04-29T22:18:37","modified_gmt":"2026-04-29T20:18:37","slug":"lalumnat-dinfantil-sen-va-al-circ","status":"publish","type":"post","link":"https:\/\/agora.xtec.cat\/ceipramonbergada\/general\/lalumnat-dinfantil-sen-va-al-circ\/","title":{"rendered":"L&#8217;alumnat d&#8217;Infantil se&#8217;n va al circ!"},"content":{"rendered":"<p>Avui els infants d&#8217;I3, I4 i I5 hem gaudit d&#8217;un dia de circ a la Circoteca de la companyia Passabarret, a Valls.<\/p>\n<p>En arribar hem esmorzat i ens hem dividit per realitzar diferents propostes: un taller d&#8217;equilibris sobre objectes (amb boles d&#8217;equilibri, cable de funambulisme, xanques, monocicles&#8230;) un de malabars (amb plats xinos, boles, masses, di\u00e0bolos&#8230;) i tamb\u00e9 hem apr\u00e8s una mica d&#8217;hist\u00f2ria del circ i dels pallassos que han passat per la Circoteca.<\/p>\n<p>En acabar, hem parat per dinar i despr\u00e9s hem gaudit d&#8217;un espectacle de pallassos.<\/p>\n<p>Ha estat un dia ben m\u00e0gic i divertit!<\/p>\n<p>Si voleu veure&#8217;n les fotos, recordeu clicar a la seg\u00fcent imatge i entrar-hi amb el correu de l&#8217;alumne\/a. Que les gaudiu!!!<\/p>\n<p><a href=\"https:\/\/drive.google.com\/drive\/folders\/12dCf9110lnPH-yUdSS6VRnyk9C783Zsq?usp=sharing\" target=\"_blank\" rel=\"noopener\"><img loading=\"lazy\" decoding=\"async\" class=\"wp-image-11960 alignleft\" src=\"https:\/\/agora.xtec.cat\/ceipramonbergada\/wp-content\/uploads\/usu842\/2026\/04\/Circoteca-Passabarret.png\" alt=\"\" width=\"302\" height=\"302\" srcset=\"https:\/\/agora.xtec.cat\/ceipramonbergada\/wp-content\/uploads\/usu842\/2026\/04\/Circoteca-Passabarret.png 810w, https:\/\/agora.xtec.cat\/ceipramonbergada\/wp-content\/uploads\/usu842\/2026\/04\/Circoteca-Passabarret-300x300.png 300w, https:\/\/agora.xtec.cat\/ceipramonbergada\/wp-content\/uploads\/usu842\/2026\/04\/Circoteca-Passabarret-150x150.png 150w, https:\/\/agora.xtec.cat\/ceipramonbergada\/wp-content\/uploads\/usu842\/2026\/04\/Circoteca-Passabarret-768x768.png 768w\" sizes=\"auto, (max-width: 302px) 100vw, 302px\" \/><\/a><\/p>\n","protected":false},"excerpt":{"rendered":"<p>Avui els infants d&#8217;I3, I4 i I5 hem gaudit d&#8217;un dia de circ a la Circoteca de la companyia Passabarret, a Valls.<br \/>\nEn arribar hem esmorzat i ens hem dividit per realitzar diferents propostes: un taller d&#8217;equilibris sobre objectes (amb boles d&#8217;equilibri, cable de funambulisme, xanques,&hellip;  <a href=\"https:\/\/agora.xtec.cat\/ceipramonbergada\/general\/lalumnat-dinfantil-sen-va-al-circ\/\" title=\"Read L&#8217;alumnat d&#8217;Infantil se&#8217;n va al circ!\">Llegeix m\u00e9s\u00bb<\/a><\/p>\n","protected":false},"author":20,"featured_media":11960,"comment_status":"open","ping_status":"open","sticky":false,"template":"","format":"standard","meta":{"_bbp_topic_count":0,"_bbp_reply_count":0,"_bbp_total_topic_count":0,"_bbp_total_reply_count":0,"_bbp_voice_count":0,"_bbp_anonymous_reply_count":0,"_bbp_topic_count_hidden":0,"_bbp_reply_count_hidden":0,"_bbp_forum_subforum_count":0,"footnotes":""},"categories":[1,26,4,388,389,421,422,503,504,99],"tags":[348,297,543,518,18],"class_list":["post-11961","post","type-post","status-publish","format-standard","has-post-thumbnail","hentry","category-general","category-infantil","category-portada","category-23-32-a","category-23-32-b","category-24-33-a","category-24-33-b","category-25-34-a","category-25-34-b","category-sortides","tag-educacioinfantil","tag-sombergada","tag-circoteca-passabarret","tag-gaudim","tag-psicomotricitat"],"post_mailing_queue_ids":[],"_links":{"self":[{"href":"https:\/\/agora.xtec.cat\/ceipramonbergada\/wp-json\/wp\/v2\/posts\/11961","targetHints":{"allow":["GET"]}}],"collection":[{"href":"https:\/\/agora.xtec.cat\/ceipramonbergada\/wp-json\/wp\/v2\/posts"}],"about":[{"href":"https:\/\/agora.xtec.cat\/ceipramonbergada\/wp-json\/wp\/v2\/types\/post"}],"author":[{"embeddable":true,"href":"https:\/\/agora.xtec.cat\/ceipramonbergada\/wp-json\/wp\/v2\/users\/20"}],"replies":[{"embeddable":true,"href":"https:\/\/agora.xtec.cat\/ceipramonbergada\/wp-json\/wp\/v2\/comments?post=11961"}],"version-history":[{"count":4,"href":"https:\/\/agora.xtec.cat\/ceipramonbergada\/wp-json\/wp\/v2\/posts\/11961\/revisions"}],"predecessor-version":[{"id":11965,"href":"https:\/\/agora.xtec.cat\/ceipramonbergada\/wp-json\/wp\/v2\/posts\/11961\/revisions\/11965"}],"wp:featuredmedia":[{"embeddable":true,"href":"https:\/\/agora.xtec.cat\/ceipramonbergada\/wp-json\/wp\/v2\/media\/11960"}],"wp:attachment":[{"href":"https:\/\/agora.xtec.cat\/ceipramonbergada\/wp-json\/wp\/v2\/media?parent=11961"}],"wp:term":[{"taxonomy":"category","embeddable":true,"href":"https:\/\/agora.xtec.cat\/ceipramonbergada\/wp-json\/wp\/v2\/categories?post=11961"},{"taxonomy":"post_tag","embeddable":true,"href":"https:\/\/agora.xtec.cat\/ceipramonbergada\/wp-json\/wp\/v2\/tags?post=11961"}],"curies":[{"name":"wp","href":"https:\/\/api.w.org\/{rel}","templated":true}]}}