{"id":11954,"date":"2026-04-28T13:43:55","date_gmt":"2026-04-28T11:43:55","guid":{"rendered":"https:\/\/agora.xtec.cat\/ceipramonbergada\/?p=11954"},"modified":"2026-04-28T13:44:44","modified_gmt":"2026-04-28T11:44:44","slug":"setmana-cultural-de-cicle-mitja","status":"publish","type":"post","link":"https:\/\/agora.xtec.cat\/ceipramonbergada\/general\/setmana-cultural-de-cicle-mitja\/","title":{"rendered":"Setmana Cultural a Cicle Mitj\u00e0"},"content":{"rendered":"<p data-path-to-node=\"3\"><a href=\"https:\/\/agora.xtec.cat\/ceipramonbergada\/wp-content\/uploads\/usu842\/2026\/04\/PXL_20260428_113034554-scaled.jpg\"><img loading=\"lazy\" decoding=\"async\" class=\"aligncenter size-medium wp-image-11955\" src=\"https:\/\/agora.xtec.cat\/ceipramonbergada\/wp-content\/uploads\/usu842\/2026\/04\/PXL_20260428_113034554-201x300.jpg\" alt=\"\" width=\"201\" height=\"300\" srcset=\"https:\/\/agora.xtec.cat\/ceipramonbergada\/wp-content\/uploads\/usu842\/2026\/04\/PXL_20260428_113034554-201x300.jpg 201w, https:\/\/agora.xtec.cat\/ceipramonbergada\/wp-content\/uploads\/usu842\/2026\/04\/PXL_20260428_113034554-685x1024.jpg 685w, https:\/\/agora.xtec.cat\/ceipramonbergada\/wp-content\/uploads\/usu842\/2026\/04\/PXL_20260428_113034554-768x1148.jpg 768w, https:\/\/agora.xtec.cat\/ceipramonbergada\/wp-content\/uploads\/usu842\/2026\/04\/PXL_20260428_113034554-1028x1536.jpg 1028w, https:\/\/agora.xtec.cat\/ceipramonbergada\/wp-content\/uploads\/usu842\/2026\/04\/PXL_20260428_113034554-1371x2048.jpg 1371w, https:\/\/agora.xtec.cat\/ceipramonbergada\/wp-content\/uploads\/usu842\/2026\/04\/PXL_20260428_113034554-scaled.jpg 1713w\" sizes=\"auto, (max-width: 201px) 100vw, 201px\" \/><\/a><\/p>\n<p data-path-to-node=\"3\">Benvolgudes fam\u00edlies, aquesta \u00faltima setmana ha estat realment intensa i inoblidable a l&#8217;escola. Ens hem submergit de ple en la <b data-path-to-node=\"4\" data-index-in-node=\"106\">Setmana Cultural<\/b>, que enguany hem dedicat a retre homenatge al centenari de la mort d&#8217;<b data-path-to-node=\"4\" data-index-in-node=\"181\">Antoni Gaud\u00ed<\/b>. A trav\u00e9s de quatre tallers creatius, els vostres fills i filles han descobert els secrets de la seva vida i s&#8217;han convertit en petits arquitectes, explorant les formes i colors que fan tan especial la seva obra. A m\u00e9s a m\u00e9s, vam viure una diada de Sant Jordi molt especial passejant entre les\u00a0<b data-path-to-node=\"6,1,0\" data-index-in-node=\"75\">paradetes del poble<\/b> i fent activitats per reviure la llegenda de la rosa i el drac. Voleu veure com n&#8217;hem gaudit? Aqu\u00ed teniu un recull de fotos perqu\u00e8 una imatge val m\u00e9s que mil paraules! <a href=\"https:\/\/drive.google.com\/drive\/folders\/10BuX4MEvqFAzqlsL0Rbfp-OOZEC8A3Jt?usp=sharing\"><strong>fotos<\/strong><\/a><\/p>\n","protected":false},"excerpt":{"rendered":"<p><a href=\"https:\/\/agora.xtec.cat\/ceipramonbergada\/wp-content\/uploads\/usu842\/2026\/04\/PXL_20260428_113034554-scaled.jpg\"><\/a><br \/>\nBenvolgudes fam\u00edlies, aquesta \u00faltima setmana ha estat realment intensa i inoblidable a l&#8217;escola. Ens hem submergit de ple en la Setmana Cultural, que enguany hem dedicat a retre homenatge al centenari de la mort d&#8217;Antoni Gaud\u00ed. A trav\u00e9s de quatre tallers creatius, els vostres&hellip;  <a href=\"https:\/\/agora.xtec.cat\/ceipramonbergada\/general\/setmana-cultural-de-cicle-mitja\/\" title=\"Read Setmana Cultural a Cicle Mitj\u00e0\">Llegeix m\u00e9s\u00bb<\/a><\/p>\n","protected":false},"author":22,"featured_media":0,"comment_status":"open","ping_status":"open","sticky":false,"template":"","format":"standard","meta":{"_bbp_topic_count":0,"_bbp_reply_count":0,"_bbp_total_topic_count":0,"_bbp_total_reply_count":0,"_bbp_voice_count":0,"_bbp_anonymous_reply_count":0,"_bbp_topic_count_hidden":0,"_bbp_reply_count_hidden":0,"_bbp_forum_subforum_count":0,"footnotes":""},"categories":[1,222,4,273,274],"tags":[],"class_list":["post-11954","post","type-post","status-publish","format-standard","hentry","category-general","category-jornades-culturals","category-portada","category-promocio-2019-28-a","category-promocio-2019-28-b"],"post_mailing_queue_ids":[],"_links":{"self":[{"href":"https:\/\/agora.xtec.cat\/ceipramonbergada\/wp-json\/wp\/v2\/posts\/11954","targetHints":{"allow":["GET"]}}],"collection":[{"href":"https:\/\/agora.xtec.cat\/ceipramonbergada\/wp-json\/wp\/v2\/posts"}],"about":[{"href":"https:\/\/agora.xtec.cat\/ceipramonbergada\/wp-json\/wp\/v2\/types\/post"}],"author":[{"embeddable":true,"href":"https:\/\/agora.xtec.cat\/ceipramonbergada\/wp-json\/wp\/v2\/users\/22"}],"replies":[{"embeddable":true,"href":"https:\/\/agora.xtec.cat\/ceipramonbergada\/wp-json\/wp\/v2\/comments?post=11954"}],"version-history":[{"count":2,"href":"https:\/\/agora.xtec.cat\/ceipramonbergada\/wp-json\/wp\/v2\/posts\/11954\/revisions"}],"predecessor-version":[{"id":11957,"href":"https:\/\/agora.xtec.cat\/ceipramonbergada\/wp-json\/wp\/v2\/posts\/11954\/revisions\/11957"}],"wp:attachment":[{"href":"https:\/\/agora.xtec.cat\/ceipramonbergada\/wp-json\/wp\/v2\/media?parent=11954"}],"wp:term":[{"taxonomy":"category","embeddable":true,"href":"https:\/\/agora.xtec.cat\/ceipramonbergada\/wp-json\/wp\/v2\/categories?post=11954"},{"taxonomy":"post_tag","embeddable":true,"href":"https:\/\/agora.xtec.cat\/ceipramonbergada\/wp-json\/wp\/v2\/tags?post=11954"}],"curies":[{"name":"wp","href":"https:\/\/api.w.org\/{rel}","templated":true}]}}