{"id":11951,"date":"2026-04-26T11:33:48","date_gmt":"2026-04-26T09:33:48","guid":{"rendered":"https:\/\/agora.xtec.cat\/ceipramonbergada\/?p=11951"},"modified":"2026-04-26T11:33:48","modified_gmt":"2026-04-26T09:33:48","slug":"setmana-cultural-a-educacio-infantil-3","status":"publish","type":"post","link":"https:\/\/agora.xtec.cat\/ceipramonbergada\/general\/setmana-cultural-a-educacio-infantil-3\/","title":{"rendered":"Setmana Cultural a Educaci\u00f3 Infantil"},"content":{"rendered":"<p data-start=\"95\" data-end=\"251\">Aquesta setmana hem celebrat la Setmana Cultural de l\u2019escola, enguany dedicada a commemorar el centenari de la mort d\u2019<span class=\"hover:entity-accent entity-underline inline cursor-pointer align-baseline\"><span class=\"whitespace-normal\">Antoni Gaud\u00ed<\/span><\/span>.<\/p>\n<p data-start=\"253\" data-end=\"720\">L\u2019alumnat d\u2019Infantil ha gaudit de tres tallers relacionats amb aquesta tem\u00e0tica. A m\u00e9s, hem tingut la sort de rebre la visita de <span class=\"hover:entity-accent entity-underline inline cursor-pointer align-baseline\"><span class=\"whitespace-normal\">Roger Roig<\/span><\/span>, que ens ha ofert una sessi\u00f3 de contacontes amb la hist\u00f2ria del <span class=\"hover:entity-accent entity-underline inline cursor-pointer align-baseline\"><span class=\"whitespace-normal\">Patufet<\/span><\/span>. Per acabar d\u2019arrodonir la setmana, divendres a la tarda, l\u2019alumnat de Cicle Superior ens ha vingut a explicar contes, compartint aix\u00ed un moment molt especial entre grans i petits.<\/p>\n<p data-start=\"722\" data-end=\"984\">Com marca la tradici\u00f3, el dia de <span class=\"hover:entity-accent entity-underline inline cursor-pointer align-baseline\"><span class=\"whitespace-normal\">Sant Jordi<\/span><\/span> hem sortit a visitar les parades de llibres i roses i hem gaudit d\u2019un espectacle organitzat per l\u2019Ajuntament de Constant\u00ed. Tamb\u00e9, hem celebrat el 17\u00e8 cros escolar.<\/p>\n<p data-start=\"986\" data-end=\"1149\">Per \u00faltim, volem agrair a l\u2019AFA la seva implicaci\u00f3 en la decoraci\u00f3 de l\u2019escola, que aquests dies s\u2019ha convertit en un espai m\u00e0gic inspirat en la llegenda de Sant Jordi.<\/p>\n<p data-start=\"1151\" data-end=\"1261\">Si voleu veure un recull de fotografies de tot el que hem viscut aquesta setmana, podeu clicar a la imatge seg\u00fcent.<\/p>\n<p data-start=\"1151\" data-end=\"1261\"><a href=\"https:\/\/drive.google.com\/drive\/folders\/1hm92Laj9g2i8nZbKjXdzVtmGoLuYJt53?usp=sharing\" target=\"_blank\" rel=\"noopener\"><img loading=\"lazy\" decoding=\"async\" class=\"wp-image-11952 aligncenter\" src=\"https:\/\/agora.xtec.cat\/ceipramonbergada\/wp-content\/uploads\/usu842\/2026\/04\/Setmana-Cultural-2026.png\" alt=\"\" width=\"353\" height=\"353\" srcset=\"https:\/\/agora.xtec.cat\/ceipramonbergada\/wp-content\/uploads\/usu842\/2026\/04\/Setmana-Cultural-2026.png 810w, https:\/\/agora.xtec.cat\/ceipramonbergada\/wp-content\/uploads\/usu842\/2026\/04\/Setmana-Cultural-2026-300x300.png 300w, https:\/\/agora.xtec.cat\/ceipramonbergada\/wp-content\/uploads\/usu842\/2026\/04\/Setmana-Cultural-2026-150x150.png 150w, https:\/\/agora.xtec.cat\/ceipramonbergada\/wp-content\/uploads\/usu842\/2026\/04\/Setmana-Cultural-2026-768x768.png 768w\" sizes=\"auto, (max-width: 353px) 100vw, 353px\" \/><\/a><\/p>\n","protected":false},"excerpt":{"rendered":"<p>Aquesta setmana hem celebrat la Setmana Cultural de l\u2019escola, enguany dedicada a commemorar el centenari de la mort d\u2019Antoni Gaud\u00ed.<br \/>\nL\u2019alumnat d\u2019Infantil ha gaudit de tres tallers relacionats amb aquesta tem\u00e0tica. A m\u00e9s, hem tingut la sort de rebre la visita de Roger Roig, que ens&hellip;  <a href=\"https:\/\/agora.xtec.cat\/ceipramonbergada\/general\/setmana-cultural-a-educacio-infantil-3\/\" title=\"Read Setmana Cultural a Educaci\u00f3 Infantil\">Llegeix m\u00e9s\u00bb<\/a><\/p>\n","protected":false},"author":20,"featured_media":11952,"comment_status":"open","ping_status":"open","sticky":false,"template":"","format":"standard","meta":{"_bbp_topic_count":0,"_bbp_reply_count":0,"_bbp_total_topic_count":0,"_bbp_total_reply_count":0,"_bbp_voice_count":0,"_bbp_anonymous_reply_count":0,"_bbp_topic_count_hidden":0,"_bbp_reply_count_hidden":0,"_bbp_forum_subforum_count":0,"footnotes":""},"categories":[170,7,97,1,26,222,4,388,389,421,422,503,504],"tags":[542,348,541,297],"class_list":["post-11951","post","type-post","status-publish","format-standard","has-post-thumbnail","hentry","category-activitats-de-lescola","category-ampa","category-festes","category-general","category-infantil","category-jornades-culturals","category-portada","category-23-32-a","category-23-32-b","category-24-33-a","category-24-33-b","category-25-34-a","category-25-34-b","tag-100anysgaudi","tag-educacioinfantil","tag-setmanacultural","tag-sombergada"],"post_mailing_queue_ids":[],"_links":{"self":[{"href":"https:\/\/agora.xtec.cat\/ceipramonbergada\/wp-json\/wp\/v2\/posts\/11951","targetHints":{"allow":["GET"]}}],"collection":[{"href":"https:\/\/agora.xtec.cat\/ceipramonbergada\/wp-json\/wp\/v2\/posts"}],"about":[{"href":"https:\/\/agora.xtec.cat\/ceipramonbergada\/wp-json\/wp\/v2\/types\/post"}],"author":[{"embeddable":true,"href":"https:\/\/agora.xtec.cat\/ceipramonbergada\/wp-json\/wp\/v2\/users\/20"}],"replies":[{"embeddable":true,"href":"https:\/\/agora.xtec.cat\/ceipramonbergada\/wp-json\/wp\/v2\/comments?post=11951"}],"version-history":[{"count":1,"href":"https:\/\/agora.xtec.cat\/ceipramonbergada\/wp-json\/wp\/v2\/posts\/11951\/revisions"}],"predecessor-version":[{"id":11953,"href":"https:\/\/agora.xtec.cat\/ceipramonbergada\/wp-json\/wp\/v2\/posts\/11951\/revisions\/11953"}],"wp:featuredmedia":[{"embeddable":true,"href":"https:\/\/agora.xtec.cat\/ceipramonbergada\/wp-json\/wp\/v2\/media\/11952"}],"wp:attachment":[{"href":"https:\/\/agora.xtec.cat\/ceipramonbergada\/wp-json\/wp\/v2\/media?parent=11951"}],"wp:term":[{"taxonomy":"category","embeddable":true,"href":"https:\/\/agora.xtec.cat\/ceipramonbergada\/wp-json\/wp\/v2\/categories?post=11951"},{"taxonomy":"post_tag","embeddable":true,"href":"https:\/\/agora.xtec.cat\/ceipramonbergada\/wp-json\/wp\/v2\/tags?post=11951"}],"curies":[{"name":"wp","href":"https:\/\/api.w.org\/{rel}","templated":true}]}}