{"id":11442,"date":"2025-10-31T08:35:40","date_gmt":"2025-10-31T07:35:40","guid":{"rendered":"https:\/\/agora.xtec.cat\/ceipramonbergada\/?p=11442"},"modified":"2025-10-31T08:35:40","modified_gmt":"2025-10-31T07:35:40","slug":"decoracio-de-la-tardorinici-de-la-castanyada","status":"publish","type":"post","link":"https:\/\/agora.xtec.cat\/ceipramonbergada\/general\/decoracio-de-la-tardorinici-de-la-castanyada\/","title":{"rendered":"Decoraci\u00f3 de la tardor&amp;Inici de la Castanyada"},"content":{"rendered":"<p><span style=\"font-weight: 400\">A l\u2019escola ja fa dies que es respira ambient de tardor. Aquesta setmana hem donat el tret de sortida a la celebraci\u00f3 de la Castanyada una de les festes m\u00e9s estimades del nostre calendari.<\/span><\/p>\n<p><span style=\"font-weight: 400\">Per comen\u00e7ar, hem preparat un rac\u00f3 ple de fruits de la tardor. Amb l\u2019ajuda del nostre alumnat hem elaborat unes cortines amb elements de la tardor: pinyes, fulles, branquetes\u2026 Ha estat una activitat col\u00b7laborativa on tots hem pogut posar el nostre granet de sorra.\u00a0<\/span><\/p>\n<p><span style=\"font-weight: 400\">Estigueu atents i atentes perqu\u00e8 durant la tarda publicarem una altra entrada amb tota la informaci\u00f3 sobre aquesta festivitat.<\/span><\/p>\n<p><span style=\"font-weight: 400\">I amb tot preparat\u2026Visca la Castanyada!<\/span><\/p>\n<p><a href=\"https:\/\/agora.xtec.cat\/ceipramonbergada\/wp-content\/uploads\/usu842\/2025\/10\/IMG-20251022-WA0007.jpg\"><img loading=\"lazy\" decoding=\"async\" class=\"alignnone size-large wp-image-11443\" src=\"https:\/\/agora.xtec.cat\/ceipramonbergada\/wp-content\/uploads\/usu842\/2025\/10\/IMG-20251022-WA0007-1024x768.jpg\" alt=\"\" width=\"1024\" height=\"768\" srcset=\"https:\/\/agora.xtec.cat\/ceipramonbergada\/wp-content\/uploads\/usu842\/2025\/10\/IMG-20251022-WA0007-1024x768.jpg 1024w, https:\/\/agora.xtec.cat\/ceipramonbergada\/wp-content\/uploads\/usu842\/2025\/10\/IMG-20251022-WA0007-300x225.jpg 300w, https:\/\/agora.xtec.cat\/ceipramonbergada\/wp-content\/uploads\/usu842\/2025\/10\/IMG-20251022-WA0007-768x576.jpg 768w, https:\/\/agora.xtec.cat\/ceipramonbergada\/wp-content\/uploads\/usu842\/2025\/10\/IMG-20251022-WA0007-1536x1152.jpg 1536w, https:\/\/agora.xtec.cat\/ceipramonbergada\/wp-content\/uploads\/usu842\/2025\/10\/IMG-20251022-WA0007-200x150.jpg 200w, https:\/\/agora.xtec.cat\/ceipramonbergada\/wp-content\/uploads\/usu842\/2025\/10\/IMG-20251022-WA0007.jpg 2048w\" sizes=\"auto, (max-width: 1024px) 100vw, 1024px\" \/><\/a><\/p>\n","protected":false},"excerpt":{"rendered":"<p>A l\u2019escola ja fa dies que es respira ambient de tardor. Aquesta setmana hem donat el tret de sortida a la celebraci\u00f3 de la Castanyada una de les festes m\u00e9s estimades del nostre calendari. Per comen\u00e7ar, hem preparat un rac\u00f3 ple de fruits de la tardor. Amb l\u2019ajuda del nostre alumnat hem elaborat unes cortines [&hellip;]<\/p>\n","protected":false},"author":81,"featured_media":0,"comment_status":"open","ping_status":"open","sticky":false,"template":"","format":"standard","meta":{"_bbp_topic_count":0,"_bbp_reply_count":0,"_bbp_total_topic_count":0,"_bbp_total_reply_count":0,"_bbp_voice_count":0,"_bbp_anonymous_reply_count":0,"_bbp_topic_count_hidden":0,"_bbp_reply_count_hidden":0,"_bbp_forum_subforum_count":0,"site-sidebar-layout":"default","site-content-layout":"","ast-site-content-layout":"","site-content-style":"default","site-sidebar-style":"default","ast-global-header-display":"","ast-banner-title-visibility":"","ast-main-header-display":"","ast-hfb-above-header-display":"","ast-hfb-below-header-display":"","ast-hfb-mobile-header-display":"","site-post-title":"","ast-breadcrumbs-content":"","ast-featured-img":"","footer-sml-layout":"","theme-transparent-header-meta":"","adv-header-id-meta":"","stick-header-meta":"","header-above-stick-meta":"","header-main-stick-meta":"","header-below-stick-meta":"","astra-migrate-meta-layouts":"default","ast-page-background-enabled":"default","ast-page-background-meta":{"desktop":{"background-color":"var(--ast-global-color-4)","background-image":"","background-repeat":"repeat","background-position":"center center","background-size":"auto","background-attachment":"scroll","background-type":"","background-media":"","overlay-type":"","overlay-color":"","overlay-opacity":"","overlay-gradient":""},"tablet":{"background-color":"","background-image":"","background-repeat":"repeat","background-position":"center center","background-size":"auto","background-attachment":"scroll","background-type":"","background-media":"","overlay-type":"","overlay-color":"","overlay-opacity":"","overlay-gradient":""},"mobile":{"background-color":"","background-image":"","background-repeat":"repeat","background-position":"center center","background-size":"auto","background-attachment":"scroll","background-type":"","background-media":"","overlay-type":"","overlay-color":"","overlay-opacity":"","overlay-gradient":""}},"ast-content-background-meta":{"desktop":{"background-color":"var(--ast-global-color-5)","background-image":"","background-repeat":"repeat","background-position":"center center","background-size":"auto","background-attachment":"scroll","background-type":"","background-media":"","overlay-type":"","overlay-color":"","overlay-opacity":"","overlay-gradient":""},"tablet":{"background-color":"var(--ast-global-color-5)","background-image":"","background-repeat":"repeat","background-position":"center center","background-size":"auto","background-attachment":"scroll","background-type":"","background-media":"","overlay-type":"","overlay-color":"","overlay-opacity":"","overlay-gradient":""},"mobile":{"background-color":"var(--ast-global-color-5)","background-image":"","background-repeat":"repeat","background-position":"center center","background-size":"auto","background-attachment":"scroll","background-type":"","background-media":"","overlay-type":"","overlay-color":"","overlay-opacity":"","overlay-gradient":""}},"footnotes":""},"categories":[170,97,1,26,4,5],"tags":[],"class_list":["post-11442","post","type-post","status-publish","format-standard","hentry","category-activitats-de-lescola","category-festes","category-general","category-infantil","category-portada","category-primaria"],"post_mailing_queue_ids":[],"_links":{"self":[{"href":"https:\/\/agora.xtec.cat\/ceipramonbergada\/wp-json\/wp\/v2\/posts\/11442","targetHints":{"allow":["GET"]}}],"collection":[{"href":"https:\/\/agora.xtec.cat\/ceipramonbergada\/wp-json\/wp\/v2\/posts"}],"about":[{"href":"https:\/\/agora.xtec.cat\/ceipramonbergada\/wp-json\/wp\/v2\/types\/post"}],"author":[{"embeddable":true,"href":"https:\/\/agora.xtec.cat\/ceipramonbergada\/wp-json\/wp\/v2\/users\/81"}],"replies":[{"embeddable":true,"href":"https:\/\/agora.xtec.cat\/ceipramonbergada\/wp-json\/wp\/v2\/comments?post=11442"}],"version-history":[{"count":2,"href":"https:\/\/agora.xtec.cat\/ceipramonbergada\/wp-json\/wp\/v2\/posts\/11442\/revisions"}],"predecessor-version":[{"id":12280,"href":"https:\/\/agora.xtec.cat\/ceipramonbergada\/wp-json\/wp\/v2\/posts\/11442\/revisions\/12280"}],"wp:attachment":[{"href":"https:\/\/agora.xtec.cat\/ceipramonbergada\/wp-json\/wp\/v2\/media?parent=11442"}],"wp:term":[{"taxonomy":"category","embeddable":true,"href":"https:\/\/agora.xtec.cat\/ceipramonbergada\/wp-json\/wp\/v2\/categories?post=11442"},{"taxonomy":"post_tag","embeddable":true,"href":"https:\/\/agora.xtec.cat\/ceipramonbergada\/wp-json\/wp\/v2\/tags?post=11442"}],"curies":[{"name":"wp","href":"https:\/\/api.w.org\/{rel}","templated":true}]}}