{"id":822,"date":"2016-06-12T15:46:00","date_gmt":"2016-06-12T14:46:00","guid":{"rendered":"http:\/\/agora.xtec.cat\/ceipprats\/?p=822"},"modified":"2016-06-12T16:07:12","modified_gmt":"2016-06-12T15:07:12","slug":"festa-de-fi-de-curs-plena-de-color-creativitat-i-un-gran-talent","status":"publish","type":"post","link":"https:\/\/agora.xtec.cat\/ceipprats\/general\/festa-de-fi-de-curs-plena-de-color-creativitat-i-un-gran-talent\/","title":{"rendered":"FESTA DE FI DE CURS PLENA DE COLOR, CREATIVITAT I UN GRAN TALENT: informaci\u00f3, fotografies i v\u00eddeo"},"content":{"rendered":"<p>Ahir dissabte 11 de juny, vam celebrar la <strong>festa de fi de curs<\/strong> (2015-2016) amb la representaci\u00f3 de l&#8217;obra &#8220;<span style=\"color: #000080;\"><strong><em>Al\u00edcia al pa\u00eds de les meravelles<\/em><\/strong><\/span>&#8221; a\u00a0 la Sala Polivalent Municipal on hi van participar <strong>tots els alumnes de l&#8217;escola.<\/strong> Aquesta obra<strong> forma part d&#8217;un projecte<\/strong> que s&#8217;ha estat treballant durant tot el curs de manera que, cada aula portava el nom d&#8217;un dels personatges de l&#8217;Al\u00edcia i tots els alumnes estaven molt familiaritzats amb la hist\u00f2ria.<\/p>\n<p style=\"text-align: center;\"><img loading=\"lazy\" decoding=\"async\" class=\"alignnone\" src=\"https:\/\/lh3.googleusercontent.com\/-5yj-xK-Mj1I\/V11nlP5Iw9I\/AAAAAAAAlSE\/O5A43slc7FkIp8rUS1ifFad2SkWYr227gCCo\/s640\/P1200474.JPG\" alt=\"\" width=\"640\" height=\"480\" \/><\/p>\n<p style=\"text-align: center;\"><img loading=\"lazy\" decoding=\"async\" class=\"alignnone\" src=\"https:\/\/lh3.googleusercontent.com\/-_uJe-8d6HJk\/V11rhCqVQUI\/AAAAAAAAlvw\/yMXeU2iAsnkgMit_MZP9qXhwOR-kRkDZQCCo\/s640\/P1200667.JPG\" alt=\"\" width=\"640\" height=\"480\" \/><\/p>\n<p style=\"text-align: center;\"><img loading=\"lazy\" decoding=\"async\" class=\"alignnone\" src=\"https:\/\/lh3.googleusercontent.com\/-_PSczbdabpc\/V11rVNzO0CI\/AAAAAAAAltg\/azFPIyed2Zw4byrO_9Y2dr2NE8c0jrByACCo\/s640\/P1200649.JPG\" alt=\"\" width=\"640\" height=\"480\" \/><\/p>\n<p><em>Al\u00edcia al pa\u00eds de les meravelles<\/em> \u00e9s un text editat el 1865 per l&#8217;escriptor i matem\u00e0tic angl\u00e8s Lewis Carroll. Una hist\u00f2ria on la protagonista experimenta un m\u00e0gic somni que la porta a viure situacions inversemblants, en el m\u00f3n on els objectes prenen vida i els animals parlen amb les persones. La versi\u00f3 que hem representat \u00e9s una <strong>adaptaci\u00f3 teatral per a alumnes de prim\u00e0ria feta des de la Universitat de Lleida a la que nosaltres hi hem afegit un seguit de can\u00e7ons amb lletra estrenades per l&#8217;ocasi\u00f3<\/strong>.<\/p>\n<p style=\"text-align: center;\"><img loading=\"lazy\" decoding=\"async\" class=\"alignnone\" src=\"https:\/\/lh3.googleusercontent.com\/-ooNPhnSvKCY\/V11n9RPE-OI\/AAAAAAAAlUw\/SC_-I94J5fEHI2ck8D4RdVGzWpeCGG3nQCCo\/s640\/P1200490.JPG\" alt=\"\" width=\"640\" height=\"480\" \/><\/p>\n<p style=\"text-align: center;\"><img loading=\"lazy\" decoding=\"async\" class=\"alignnone\" src=\"https:\/\/lh3.googleusercontent.com\/-zc98EC6hg7w\/V11ocfHg_kI\/AAAAAAAAlYE\/64m6flpz230w8Bq5RSz_eWPfKTwbiSRmQCCo\/s640\/P1200512.JPG\" alt=\"\" width=\"640\" height=\"480\" \/><\/p>\n<p style=\"text-align: center;\"><img loading=\"lazy\" decoding=\"async\" class=\"alignnone\" src=\"https:\/\/lh3.googleusercontent.com\/-YKDPNCHqh3I\/V11pNgx8VXI\/AAAAAAAAlao\/TDsjhNwnq7MgiGVfPKJEd1LEOyW1HLOmgCCo\/s640\/P1200549.JPG\" alt=\"\" width=\"640\" height=\"480\" \/><\/p>\n<p style=\"text-align: center;\"><img loading=\"lazy\" decoding=\"async\" class=\"alignnone\" src=\"https:\/\/lh3.googleusercontent.com\/-dDhBOunm98Q\/V11qABwBqBI\/AAAAAAAAle4\/idrzEwJsw644t8QzqL7yaTMQdnxX7SmKACCo\/s640\/P1200578.JPG\" alt=\"\" width=\"640\" height=\"480\" \/><\/p>\n<p style=\"text-align: center;\"><img loading=\"lazy\" decoding=\"async\" class=\"alignnone\" src=\"https:\/\/lh3.googleusercontent.com\/-0YR7NJRXgow\/V11q_m924lI\/AAAAAAAAlrE\/wZddmJ_B5p4JpJp1YGks0t1EPFjRlKoBwCCo\/s640\/P1200625.JPG\" alt=\"\" width=\"640\" height=\"480\" \/><\/p>\n<p>Un cop acabada la representaci\u00f3 i com ja acostuma a ser tradici\u00f3, <strong>l&#8217;AMPA de l&#8217;escola va organitzar un sopar popular i una gran festa final<\/strong> que va comptar amb la participaci\u00f3 d&#8217;un gran nombre de fam\u00edlies i on la m\u00fasica i el bon ambient en van ser els principals protagonistes.<\/p>\n<p style=\"text-align: center;\"><a href=\"http:\/\/agora.xtec.cat\/ceipprats\/wp-content\/uploads\/usu128\/2016\/06\/20160611_213231.jpg\" rel=\"attachment wp-att-824\"><img loading=\"lazy\" decoding=\"async\" class=\"alignnone wp-image-824\" src=\"http:\/\/agora.xtec.cat\/ceipprats\/wp-content\/uploads\/usu128\/2016\/06\/20160611_213231-1024x576.jpg\" alt=\"20160611_213231\" width=\"640\" height=\"360\" srcset=\"https:\/\/agora.xtec.cat\/ceipprats\/wp-content\/uploads\/usu128\/2016\/06\/20160611_213231-1024x576.jpg 1024w, https:\/\/agora.xtec.cat\/ceipprats\/wp-content\/uploads\/usu128\/2016\/06\/20160611_213231-300x169.jpg 300w, https:\/\/agora.xtec.cat\/ceipprats\/wp-content\/uploads\/usu128\/2016\/06\/20160611_213231-768x432.jpg 768w\" sizes=\"auto, (max-width: 640px) 100vw, 640px\" \/><\/a><a href=\"http:\/\/agora.xtec.cat\/ceipprats\/wp-content\/uploads\/usu128\/2016\/06\/20160611_213207.jpg\" rel=\"attachment wp-att-823\"><img loading=\"lazy\" decoding=\"async\" class=\"alignnone wp-image-823\" src=\"http:\/\/agora.xtec.cat\/ceipprats\/wp-content\/uploads\/usu128\/2016\/06\/20160611_213207-1024x576.jpg\" alt=\"20160611_213207\" width=\"640\" height=\"360\" srcset=\"https:\/\/agora.xtec.cat\/ceipprats\/wp-content\/uploads\/usu128\/2016\/06\/20160611_213207-1024x576.jpg 1024w, https:\/\/agora.xtec.cat\/ceipprats\/wp-content\/uploads\/usu128\/2016\/06\/20160611_213207-300x169.jpg 300w, https:\/\/agora.xtec.cat\/ceipprats\/wp-content\/uploads\/usu128\/2016\/06\/20160611_213207-768x432.jpg 768w\" sizes=\"auto, (max-width: 640px) 100vw, 640px\" \/><\/a><\/p>\n<p>Des de l&#8217;escola volem donar les <strong>gr\u00e0cies a totes les fam\u00edlies<\/strong> per la seva implicaci\u00f3 i participaci\u00f3 mostrades abans, durant i despr\u00e9s de la representaci\u00f3 i en especial a <strong>l&#8217;AMPA<\/strong> per ajudar en tot moment a la organitzaci\u00f3 d&#8217;aquesta festa. <strong>Gr\u00e0cies a tots ha resultat un \u00e8xit!<\/strong><br \/>\n<strong>V\u00cdDEO COMPLET DE L&#8217;OBRA &#8220;AL\u00cdCIA AL PA\u00cdS DE LES MERAVELLES&#8221;<\/strong><br \/>\n<iframe loading=\"lazy\" src=\"https:\/\/www.youtube.com\/embed\/FB_6QwplDFw?rel=0\" width=\"653\" height=\"380\" frameborder=\"0\" allowfullscreen=\"allowfullscreen\"><\/iframe><br \/>\n<strong>TOTES LES FOTOGRAFIES DE L&#8217;ESPECTACLE <\/strong>(clicant sobre una d&#8217;elles podreu accedir a l&#8217;\u00e0lbum):<strong><br \/>\n<\/strong><\/p>\n<p style=\"text-align: center;\"><\/p>\n","protected":false},"excerpt":{"rendered":"<p>Ahir dissabte 11 de juny, vam celebrar la festa de fi de curs (2015-2016) amb la representaci\u00f3 de l&#8217;obra &#8220;Al\u00edcia al pa\u00eds de les meravelles&#8221; a\u00a0 la Sala Polivalent Municipal on hi van participar tots els alumnes de l&#8217;escola. Aquesta obra forma part d&#8217;un projecte que s&#8217;ha estat treballant durant tot el curs de manera [&hellip;]<\/p>\n","protected":false},"author":1,"featured_media":827,"comment_status":"open","ping_status":"open","sticky":false,"template":"","format":"standard","meta":{"_bbp_topic_count":0,"_bbp_reply_count":0,"_bbp_total_topic_count":0,"_bbp_total_reply_count":0,"_bbp_voice_count":0,"_bbp_anonymous_reply_count":0,"_bbp_topic_count_hidden":0,"_bbp_reply_count_hidden":0,"_bbp_forum_subforum_count":0,"site-sidebar-layout":"default","site-content-layout":"","ast-site-content-layout":"","site-content-style":"default","site-sidebar-style":"default","ast-global-header-display":"","ast-banner-title-visibility":"","ast-main-header-display":"","ast-hfb-above-header-display":"","ast-hfb-below-header-display":"","ast-hfb-mobile-header-display":"","site-post-title":"","ast-breadcrumbs-content":"","ast-featured-img":"","footer-sml-layout":"","theme-transparent-header-meta":"","adv-header-id-meta":"","stick-header-meta":"","header-above-stick-meta":"","header-main-stick-meta":"","header-below-stick-meta":"","astra-migrate-meta-layouts":"default","ast-page-background-enabled":"default","ast-page-background-meta":{"desktop":{"background-color":"var(--ast-global-color-4)","background-image":"","background-repeat":"repeat","background-position":"center center","background-size":"auto","background-attachment":"scroll","background-type":"","background-media":"","overlay-type":"","overlay-color":"","overlay-opacity":"","overlay-gradient":""},"tablet":{"background-color":"","background-image":"","background-repeat":"repeat","background-position":"center center","background-size":"auto","background-attachment":"scroll","background-type":"","background-media":"","overlay-type":"","overlay-color":"","overlay-opacity":"","overlay-gradient":""},"mobile":{"background-color":"","background-image":"","background-repeat":"repeat","background-position":"center center","background-size":"auto","background-attachment":"scroll","background-type":"","background-media":"","overlay-type":"","overlay-color":"","overlay-opacity":"","overlay-gradient":""}},"ast-content-background-meta":{"desktop":{"background-color":"var(--ast-global-color-5)","background-image":"","background-repeat":"repeat","background-position":"center center","background-size":"auto","background-attachment":"scroll","background-type":"","background-media":"","overlay-type":"","overlay-color":"","overlay-opacity":"","overlay-gradient":""},"tablet":{"background-color":"var(--ast-global-color-5)","background-image":"","background-repeat":"repeat","background-position":"center center","background-size":"auto","background-attachment":"scroll","background-type":"","background-media":"","overlay-type":"","overlay-color":"","overlay-opacity":"","overlay-gradient":""},"mobile":{"background-color":"var(--ast-global-color-5)","background-image":"","background-repeat":"repeat","background-position":"center center","background-size":"auto","background-attachment":"scroll","background-type":"","background-media":"","overlay-type":"","overlay-color":"","overlay-opacity":"","overlay-gradient":""}},"footnotes":""},"categories":[1,4],"tags":[],"class_list":["post-822","post","type-post","status-publish","format-standard","has-post-thumbnail","hentry","category-general","category-portada"],"post_mailing_queue_ids":[],"_links":{"self":[{"href":"https:\/\/agora.xtec.cat\/ceipprats\/wp-json\/wp\/v2\/posts\/822","targetHints":{"allow":["GET"]}}],"collection":[{"href":"https:\/\/agora.xtec.cat\/ceipprats\/wp-json\/wp\/v2\/posts"}],"about":[{"href":"https:\/\/agora.xtec.cat\/ceipprats\/wp-json\/wp\/v2\/types\/post"}],"author":[{"embeddable":true,"href":"https:\/\/agora.xtec.cat\/ceipprats\/wp-json\/wp\/v2\/users\/1"}],"replies":[{"embeddable":true,"href":"https:\/\/agora.xtec.cat\/ceipprats\/wp-json\/wp\/v2\/comments?post=822"}],"version-history":[{"count":3,"href":"https:\/\/agora.xtec.cat\/ceipprats\/wp-json\/wp\/v2\/posts\/822\/revisions"}],"predecessor-version":[{"id":831,"href":"https:\/\/agora.xtec.cat\/ceipprats\/wp-json\/wp\/v2\/posts\/822\/revisions\/831"}],"wp:featuredmedia":[{"embeddable":true,"href":"https:\/\/agora.xtec.cat\/ceipprats\/wp-json\/wp\/v2\/media\/827"}],"wp:attachment":[{"href":"https:\/\/agora.xtec.cat\/ceipprats\/wp-json\/wp\/v2\/media?parent=822"}],"wp:term":[{"taxonomy":"category","embeddable":true,"href":"https:\/\/agora.xtec.cat\/ceipprats\/wp-json\/wp\/v2\/categories?post=822"},{"taxonomy":"post_tag","embeddable":true,"href":"https:\/\/agora.xtec.cat\/ceipprats\/wp-json\/wp\/v2\/tags?post=822"}],"curies":[{"name":"wp","href":"https:\/\/api.w.org\/{rel}","templated":true}]}}